{"id":5494,"date":"2022-05-23T12:08:00","date_gmt":"2022-05-23T10:08:00","guid":{"rendered":"https:\/\/yeux-coccinelle.fr\/blog\/?p=5494"},"modified":"2022-07-14T21:28:35","modified_gmt":"2022-07-14T19:28:35","slug":"aurae-lexposition-immersive-futuriste-de-sabrina-ratte-a-la-gaite-lyrique","status":"publish","type":"post","link":"https:\/\/yeux-coccinelle.fr\/blog\/aurae-lexposition-immersive-futuriste-de-sabrina-ratte-a-la-gaite-lyrique\/","title":{"rendered":"AURAe, l&rsquo;exposition immersive futuriste de Sabrina Ratt\u00e9 \u00e0 La Ga\u00eet\u00e9 Lyrique"},"content":{"rendered":"\n<p>Du 17 mars au 10 juillet 2022, <a href=\"https:\/\/gaite-lyrique.net\/evenement\/aurae-sabrina-ratte\">La Ga\u00eft\u00e9 Lyrique<\/a> nous propose une exposition-exp\u00e9rience immersive m\u00ealant projection vid\u00e9o, photogramm\u00e9trie, et dispositif interactif pour aboutir \u00e0 une hybridation sublime et particuli\u00e8rement po\u00e9tique.<\/p>\n\n\n\n<h2 class=\"wp-block-heading\">Sabrina Ratt\u00e9, artiste de l\u2019image num\u00e9rique<\/h2>\n\n\n\n<p>Sabrina Ratt\u00e9 est une artiste qu\u00e9b\u00e9coise n\u00e9e en 1982. Elle travaille les <strong>signaux \u00e9lectroniques et num\u00e9riques<\/strong> pour cr\u00e9er des \u0153uvres qui questionnent le r\u00e9el et notre relation au virtuel face \u00e0 l\u2019exp\u00e9rience physique. L\u2019artiste \u00e9tudie ainsi <strong>l\u2019influence psychologique de l\u2019architecture et du num\u00e9rique sur notre perception du monde<\/strong>, notre rapport aux \u00e9crans et aux r\u00e9alit\u00e9s alternatives, et l\u2019avenir de notre lien \u00e0 la nature. Elle utilise principalement la synth\u00e8se vid\u00e9o et l\u2019animation 3D pour composer ses tableaux, mais aussi la photogramm\u00e9trie, l\u2019impression 3D, la r\u00e9alit\u00e9 virtuelle, l&rsquo;audio, la sculpture, etc.<\/p>\n\n\n\n<figure class=\"wp-block-embed is-type-video is-provider-youtube wp-block-embed-youtube wp-embed-aspect-16-9 wp-has-aspect-ratio\"><div class=\"wp-block-embed__wrapper\">\n<div class=\"entry-video\"><div class=\"jetpack-video-wrapper\"><iframe loading=\"lazy\" title=\"Interview mit Sabrina Ratt\u00e9 zu FLORALIA | HYBRID BOX\" width=\"1100\" height=\"619\" src=\"https:\/\/www.youtube.com\/embed\/AROzalFNHFY?feature=oembed\" frameborder=\"0\" allow=\"accelerometer; autoplay; clipboard-write; encrypted-media; gyroscope; picture-in-picture\" allowfullscreen><\/iframe><\/div><\/div>\n<\/div><\/figure>\n\n\n\n<p>Elle a \u00e9t\u00e9 nomm\u00e9e pour le Prix Sobey pour les arts ( prix canadien en arts visuels pour les artistes contemporains nationaux de moins de 40 ans) en 2019 et en 2020. Ses travaux ont \u00e9t\u00e9 pr\u00e9sent\u00e9s par plusieurs institutions internationales \u00e0 Tokyo, Paris, New York et Shanghai, par exemple.<\/p>\n\n\n\n<p>L\u2019exposition AURAe est la premi\u00e8re grande exposition consacr\u00e9e \u00e0 son travail en France.<\/p>\n\n\n\n<h2 class=\"wp-block-heading\">AURAe, une r\u00e9trospective de travaux r\u00e9interpr\u00e9t\u00e9s<\/h2>\n\n\n\n<p>L\u2019exposition-exp\u00e9rience regroupe <strong>onze \u0153uvres adapt\u00e9es pour l\u2019occasion par l\u2019artiste<\/strong>, en collaboration avec le sc\u00e9nographe Antonin Sorel et les compositeurs Roger Tellier-Craig et Andrea-Jane Cornell. L\u2019exposition propose ainsi <strong>des images-espaces<\/strong> produites depuis 2014, formant <strong>un ensemble de simulations visuelles et d\u2019architectures immersives<\/strong> inspir\u00e9es par la science-fiction de Greg Egan et le cyberf\u00e9minisme, entre autres.<\/p>\n\n\n\n<figure class=\"wp-block-gallery has-nested-images columns-5 is-cropped wp-block-gallery-1 is-layout-flex wp-block-gallery-is-layout-flex\">\n<figure class=\"wp-block-image size-medium\"><a href=\"https:\/\/yeux-coccinelle.fr\/blog\/wp-content\/uploads\/2022\/05\/aurae-gaite-lyrique_142020-1024PX.jpg\"><img loading=\"lazy\" decoding=\"async\" width=\"200\" height=\"300\" data-id=\"5501\" src=\"https:\/\/yeux-coccinelle.fr\/blog\/wp-content\/uploads\/2022\/05\/aurae-gaite-lyrique_142020-1024PX-200x300.jpg\" alt=\"vue de l'exposition AURAe, Radiances\" class=\"wp-image-5501\" srcset=\"https:\/\/yeux-coccinelle.fr\/blog\/wp-content\/uploads\/2022\/05\/aurae-gaite-lyrique_142020-1024PX-200x300.jpg 200w, https:\/\/yeux-coccinelle.fr\/blog\/wp-content\/uploads\/2022\/05\/aurae-gaite-lyrique_142020-1024PX-550x825.jpg 550w, https:\/\/yeux-coccinelle.fr\/blog\/wp-content\/uploads\/2022\/05\/aurae-gaite-lyrique_142020-1024PX-160x240.jpg 160w, https:\/\/yeux-coccinelle.fr\/blog\/wp-content\/uploads\/2022\/05\/aurae-gaite-lyrique_142020-1024PX.jpg 683w\" sizes=\"(max-width: 200px) 100vw, 200px\" \/><\/a><\/figure>\n\n\n\n<figure class=\"wp-block-image size-medium\"><a href=\"https:\/\/yeux-coccinelle.fr\/blog\/wp-content\/uploads\/2022\/05\/aurae-gaite-lyrique_143146-1024PX.jpg\"><img loading=\"lazy\" decoding=\"async\" width=\"200\" height=\"300\" data-id=\"5509\" src=\"https:\/\/yeux-coccinelle.fr\/blog\/wp-content\/uploads\/2022\/05\/aurae-gaite-lyrique_143146-1024PX-200x300.jpg\" alt=\"Floralia\" class=\"wp-image-5509\" srcset=\"https:\/\/yeux-coccinelle.fr\/blog\/wp-content\/uploads\/2022\/05\/aurae-gaite-lyrique_143146-1024PX-200x300.jpg 200w, https:\/\/yeux-coccinelle.fr\/blog\/wp-content\/uploads\/2022\/05\/aurae-gaite-lyrique_143146-1024PX-550x825.jpg 550w, https:\/\/yeux-coccinelle.fr\/blog\/wp-content\/uploads\/2022\/05\/aurae-gaite-lyrique_143146-1024PX-160x240.jpg 160w, https:\/\/yeux-coccinelle.fr\/blog\/wp-content\/uploads\/2022\/05\/aurae-gaite-lyrique_143146-1024PX.jpg 683w\" sizes=\"(max-width: 200px) 100vw, 200px\" \/><\/a><\/figure>\n\n\n\n<figure class=\"wp-block-image size-medium\"><a href=\"https:\/\/yeux-coccinelle.fr\/blog\/wp-content\/uploads\/2022\/05\/aurae-gaite-lyrique_142324-1024PX.jpg\"><img loading=\"lazy\" decoding=\"async\" width=\"200\" height=\"300\" data-id=\"5507\" src=\"https:\/\/yeux-coccinelle.fr\/blog\/wp-content\/uploads\/2022\/05\/aurae-gaite-lyrique_142324-1024PX-200x300.jpg\" alt=\"vue de l'exposition AURAe\" class=\"wp-image-5507\" srcset=\"https:\/\/yeux-coccinelle.fr\/blog\/wp-content\/uploads\/2022\/05\/aurae-gaite-lyrique_142324-1024PX-200x300.jpg 200w, https:\/\/yeux-coccinelle.fr\/blog\/wp-content\/uploads\/2022\/05\/aurae-gaite-lyrique_142324-1024PX-550x825.jpg 550w, https:\/\/yeux-coccinelle.fr\/blog\/wp-content\/uploads\/2022\/05\/aurae-gaite-lyrique_142324-1024PX-160x240.jpg 160w, https:\/\/yeux-coccinelle.fr\/blog\/wp-content\/uploads\/2022\/05\/aurae-gaite-lyrique_142324-1024PX.jpg 683w\" sizes=\"(max-width: 200px) 100vw, 200px\" \/><\/a><\/figure>\n\n\n\n<figure class=\"wp-block-image size-medium\"><a href=\"https:\/\/yeux-coccinelle.fr\/blog\/wp-content\/uploads\/2022\/05\/aurae-gaite-lyrique_142659-1024PX.jpg\"><img loading=\"lazy\" decoding=\"async\" width=\"200\" height=\"300\" data-id=\"5506\" src=\"https:\/\/yeux-coccinelle.fr\/blog\/wp-content\/uploads\/2022\/05\/aurae-gaite-lyrique_142659-1024PX-200x300.jpg\" alt=\"vue de l'exposition AURAe, Distributed Memories, par Sabrina Ratt\u00e9\" class=\"wp-image-5506\" srcset=\"https:\/\/yeux-coccinelle.fr\/blog\/wp-content\/uploads\/2022\/05\/aurae-gaite-lyrique_142659-1024PX-200x300.jpg 200w, https:\/\/yeux-coccinelle.fr\/blog\/wp-content\/uploads\/2022\/05\/aurae-gaite-lyrique_142659-1024PX-550x825.jpg 550w, https:\/\/yeux-coccinelle.fr\/blog\/wp-content\/uploads\/2022\/05\/aurae-gaite-lyrique_142659-1024PX-160x240.jpg 160w, https:\/\/yeux-coccinelle.fr\/blog\/wp-content\/uploads\/2022\/05\/aurae-gaite-lyrique_142659-1024PX.jpg 683w\" sizes=\"(max-width: 200px) 100vw, 200px\" \/><\/a><\/figure>\n\n\n\n<figure class=\"wp-block-image size-medium\"><a href=\"https:\/\/yeux-coccinelle.fr\/blog\/wp-content\/uploads\/2022\/05\/aurae-gaite-lyrique_143203-1024PX.jpg\"><img loading=\"lazy\" decoding=\"async\" width=\"200\" height=\"300\" data-id=\"5504\" src=\"https:\/\/yeux-coccinelle.fr\/blog\/wp-content\/uploads\/2022\/05\/aurae-gaite-lyrique_143203-1024PX-200x300.jpg\" alt=\"Floralia, \u00e0 la Ga\u00eet\u00e9 Lyrique\" class=\"wp-image-5504\" srcset=\"https:\/\/yeux-coccinelle.fr\/blog\/wp-content\/uploads\/2022\/05\/aurae-gaite-lyrique_143203-1024PX-200x300.jpg 200w, https:\/\/yeux-coccinelle.fr\/blog\/wp-content\/uploads\/2022\/05\/aurae-gaite-lyrique_143203-1024PX-550x825.jpg 550w, https:\/\/yeux-coccinelle.fr\/blog\/wp-content\/uploads\/2022\/05\/aurae-gaite-lyrique_143203-1024PX-160x240.jpg 160w, https:\/\/yeux-coccinelle.fr\/blog\/wp-content\/uploads\/2022\/05\/aurae-gaite-lyrique_143203-1024PX.jpg 683w\" sizes=\"(max-width: 200px) 100vw, 200px\" \/><\/a><\/figure>\n<\/figure>\n\n\n\n<p>Nous d\u00e9ambulons, en nous laissant porter par les \u00e9chos sonores, dans autant de paysages d\u00e9sincarn\u00e9s, villes d\u00e9sert\u00e9es ou natures p\u00e9trifi\u00e9es. Nous y d\u00e9couvrons des sc\u00e8nes repr\u00e9sentant <strong>des espaces r\u00eav\u00e9s quelque part entre monde physique et virtuel, utopie et dystopie, technologie et mati\u00e8re organique, espaces int\u00e9rieurs et ext\u00e9rieurs.<\/strong><\/p>\n\n\n\n<p>L\u2019exp\u00e9rience permise par la sc\u00e9nographie invite \u00e0 la lenteur, interroge notre mani\u00e8re d\u2019habiter le monde et la place de notre corps dans l\u2019espace num\u00e9rique. J\u2019insiste r\u00e9ellement sur ce point : cette visite est corporelle. <strong>Tout le corps entre en r\u00e9sonnance et fait interface avec les \u0153uvres.<\/strong> L\u2019immersion nous obligeant \u00e0 nous situer vis-\u00e0-vis de ce que nous percevons et nous invitant malgr\u00e9 tout \u00e0 la <strong>prise de recul sur notre soci\u00e9t\u00e9 et les futurs \u00e0 esp\u00e9rer<\/strong> : saturation des images et du regard, course au progr\u00e8s technique, sauvegarde virtuelle de l\u2019\u00e9cosyst\u00e8me, etc.<\/p>\n\n\n\n<figure class=\"wp-block-gallery has-nested-images columns-default is-cropped wp-block-gallery-2 is-layout-flex wp-block-gallery-is-layout-flex\">\n<figure class=\"wp-block-image size-medium\"><a href=\"https:\/\/yeux-coccinelle.fr\/blog\/wp-content\/uploads\/2022\/05\/aurae-gaite-lyrique_142437-1024PX.jpg\"><img loading=\"lazy\" decoding=\"async\" width=\"300\" height=\"169\" data-id=\"5505\" src=\"https:\/\/yeux-coccinelle.fr\/blog\/wp-content\/uploads\/2022\/05\/aurae-gaite-lyrique_142437-1024PX-300x169.jpg\" alt=\"vue de l'exposition AURAe, Floralia\" class=\"wp-image-5505\" srcset=\"https:\/\/yeux-coccinelle.fr\/blog\/wp-content\/uploads\/2022\/05\/aurae-gaite-lyrique_142437-1024PX-300x169.jpg 300w, https:\/\/yeux-coccinelle.fr\/blog\/wp-content\/uploads\/2022\/05\/aurae-gaite-lyrique_142437-1024PX-768x432.jpg 768w, https:\/\/yeux-coccinelle.fr\/blog\/wp-content\/uploads\/2022\/05\/aurae-gaite-lyrique_142437-1024PX-550x309.jpg 550w, https:\/\/yeux-coccinelle.fr\/blog\/wp-content\/uploads\/2022\/05\/aurae-gaite-lyrique_142437-1024PX-160x90.jpg 160w, https:\/\/yeux-coccinelle.fr\/blog\/wp-content\/uploads\/2022\/05\/aurae-gaite-lyrique_142437-1024PX.jpg 1024w\" sizes=\"(max-width: 300px) 100vw, 300px\" \/><\/a><\/figure>\n\n\n\n<figure class=\"wp-block-image size-medium\"><a href=\"https:\/\/yeux-coccinelle.fr\/blog\/wp-content\/uploads\/2022\/05\/aurae-gaite-lyrique_142004_1-1024PX.jpg\"><img loading=\"lazy\" decoding=\"async\" width=\"300\" height=\"169\" data-id=\"5503\" src=\"https:\/\/yeux-coccinelle.fr\/blog\/wp-content\/uploads\/2022\/05\/aurae-gaite-lyrique_142004_1-1024PX-300x169.jpg\" alt=\"vue de l'exposition AURAe \u00e0 la Ga\u00eet\u00e9 Lyrique, Alpenglow\" class=\"wp-image-5503\" srcset=\"https:\/\/yeux-coccinelle.fr\/blog\/wp-content\/uploads\/2022\/05\/aurae-gaite-lyrique_142004_1-1024PX-300x169.jpg 300w, https:\/\/yeux-coccinelle.fr\/blog\/wp-content\/uploads\/2022\/05\/aurae-gaite-lyrique_142004_1-1024PX-768x432.jpg 768w, https:\/\/yeux-coccinelle.fr\/blog\/wp-content\/uploads\/2022\/05\/aurae-gaite-lyrique_142004_1-1024PX-550x309.jpg 550w, https:\/\/yeux-coccinelle.fr\/blog\/wp-content\/uploads\/2022\/05\/aurae-gaite-lyrique_142004_1-1024PX-160x90.jpg 160w, https:\/\/yeux-coccinelle.fr\/blog\/wp-content\/uploads\/2022\/05\/aurae-gaite-lyrique_142004_1-1024PX.jpg 1024w\" sizes=\"(max-width: 300px) 100vw, 300px\" \/><\/a><\/figure>\n\n\n\n<figure class=\"wp-block-image size-medium\"><a href=\"https:\/\/yeux-coccinelle.fr\/blog\/wp-content\/uploads\/2022\/05\/aurae-gaite-lyrique_143014-1024PX.jpg\"><img loading=\"lazy\" decoding=\"async\" width=\"300\" height=\"169\" data-id=\"5502\" src=\"https:\/\/yeux-coccinelle.fr\/blog\/wp-content\/uploads\/2022\/05\/aurae-gaite-lyrique_143014-1024PX-300x169.jpg\" alt=\"Floralia, par Sabrina Ratt\u00e9\" class=\"wp-image-5502\" srcset=\"https:\/\/yeux-coccinelle.fr\/blog\/wp-content\/uploads\/2022\/05\/aurae-gaite-lyrique_143014-1024PX-300x169.jpg 300w, https:\/\/yeux-coccinelle.fr\/blog\/wp-content\/uploads\/2022\/05\/aurae-gaite-lyrique_143014-1024PX-768x432.jpg 768w, https:\/\/yeux-coccinelle.fr\/blog\/wp-content\/uploads\/2022\/05\/aurae-gaite-lyrique_143014-1024PX-550x309.jpg 550w, https:\/\/yeux-coccinelle.fr\/blog\/wp-content\/uploads\/2022\/05\/aurae-gaite-lyrique_143014-1024PX-160x90.jpg 160w, https:\/\/yeux-coccinelle.fr\/blog\/wp-content\/uploads\/2022\/05\/aurae-gaite-lyrique_143014-1024PX.jpg 1024w\" sizes=\"(max-width: 300px) 100vw, 300px\" \/><\/a><\/figure>\n<\/figure>\n\n\n\n<p>Floralia est le dernier projet de Sabrina Ratt\u00e9, tableau compos\u00e9 suite au premier confinement de 2020. Situ\u00e9 dans un futur sp\u00e9culatif, Floralia repr\u00e9sente un conservatoire num\u00e9rique des esp\u00e8ces disparues, <strong>une salle d\u2019archive futuriste dans laquelle la nature est pr\u00e9serv\u00e9e virtuellement sous forme d\u2019hologrammes<\/strong>.<\/p>\n\n\n\n<p>En bref, AURAe est une exp\u00e9rience que je vous recommande chaudement et qui vous transportera \u00e0 coup s\u00fbr ! L&rsquo;exposition est \u00e0 retrouver \u00e0 La Ga\u00eet\u00e9 Lyrique, \u00e0 Paris, jusqu&rsquo;au 10 juillet 2022.<\/p>\n\n\n\n<div style=\"height:60px\" aria-hidden=\"true\" class=\"wp-block-spacer\"><\/div>\n\n\n\n<div class=\"wp-block-media-text alignwide is-stacked-on-mobile is-vertically-aligned-center\" style=\"grid-template-columns:25% auto\"><figure class=\"wp-block-media-text__media\"><img loading=\"lazy\" decoding=\"async\" width=\"300\" height=\"475\" src=\"https:\/\/yeux-coccinelle.fr\/blog\/wp-content\/uploads\/2022\/05\/aurae-gaite-lyrique-20220410.jpg\" alt=\"\" class=\"wp-image-5518 size-full\" srcset=\"https:\/\/yeux-coccinelle.fr\/blog\/wp-content\/uploads\/2022\/05\/aurae-gaite-lyrique-20220410.jpg 300w, https:\/\/yeux-coccinelle.fr\/blog\/wp-content\/uploads\/2022\/05\/aurae-gaite-lyrique-20220410-189x300.jpg 189w, https:\/\/yeux-coccinelle.fr\/blog\/wp-content\/uploads\/2022\/05\/aurae-gaite-lyrique-20220410-160x253.jpg 160w\" sizes=\"(max-width: 300px) 100vw, 300px\" \/><\/figure><div class=\"wp-block-media-text__content\">\n<p id=\"le-shooting-beaute-de-a-a-z\"><strong>AURAe, Sabrina Ratt\u00e9<\/strong><\/p>\n\n\n\n<p style=\"font-size:12px\"><strong>Du 17 mars au 10 juillet 2022<\/strong><br><em>La Ga\u00eet\u00e9 Lyrique, 3bis Rue Papin \u00e0 Paris<\/em><br><em><a href=\"https:\/\/gaite-lyrique.net\/evenement\/sabrina-ratte-les-coulisses-de-la-creation\" target=\"_blank\" rel=\"noreferrer noopener\">Masterclass avec l&rsquo;artiste<\/a> le 2 juin 2022<\/em><\/p>\n\n\n\n<div class=\"wp-block-buttons is-layout-flex wp-block-buttons-is-layout-flex\">\n<div class=\"wp-block-button has-custom-width wp-block-button__width-100 has-custom-font-size is-style-fill\" style=\"font-size:15px\"><a class=\"wp-block-button__link has-white-color has-text-color has-background\" href=\"https:\/\/gaite-lyrique.net\/evenement\/aurae-sabrina-ratte\" style=\"border-radius:10px;background-color:#8fb7ff\" target=\"_blank\" rel=\"noreferrer noopener\">Acheter des billets en ligne<\/a><\/div>\n<\/div>\n<\/div><\/div>\n\n\n\n<div style=\"height:100px\" aria-hidden=\"true\" class=\"wp-block-spacer\"><\/div>\n","protected":false},"excerpt":{"rendered":"<p>Recommandation sortie \u00e0 Paris avec l&rsquo;exposition-exp\u00e9rience AURAe \u00e0 la G\u00e2it\u00e9 Lyrique, pr\u00e9sentant les oeuvres de Sabrina Ratt\u00e9, artiste contemporaine qu\u00e9b\u00e9coise peignant avec la lumi\u00e8re g\u00e9n\u00e9r\u00e9e par les signaux num\u00e9riques.<\/p>\n<a class=\"read-more-link\" href=\" https:\/\/yeux-coccinelle.fr\/blog\/aurae-lexposition-immersive-futuriste-de-sabrina-ratte-a-la-gaite-lyrique\/ \">Lire la suite<\/a>","protected":false},"author":1,"featured_media":5498,"comment_status":"open","ping_status":"open","sticky":false,"template":"","format":"standard","meta":{"footnotes":""},"categories":[26],"tags":[71,36],"yoast_head":"<!-- This site is optimized with the Yoast SEO plugin v23.4 - https:\/\/yoast.com\/wordpress\/plugins\/seo\/ -->\n<title>AURAe, Sabrina Ratt\u00e9 \u00e0 la Ga\u00eet\u00e9 Lyrique - Par les yeux de la coccinelle<\/title>\n<meta name=\"description\" content=\"Recommandation sortie \u00e0 Paris aujourd&#039;hui avec l&#039;exposition-exp\u00e9rience AURAe \u00e0 la G\u00e2it\u00e9 Lyrique, pr\u00e9sentant les oeuvres de Sabrina Ratt\u00e9.\" \/>\n<meta name=\"robots\" content=\"index, follow, max-snippet:-1, max-image-preview:large, max-video-preview:-1\" \/>\n<link rel=\"canonical\" href=\"https:\/\/yeux-coccinelle.fr\/blog\/aurae-lexposition-immersive-futuriste-de-sabrina-ratte-a-la-gaite-lyrique\/\" \/>\n<meta property=\"og:locale\" content=\"fr_FR\" \/>\n<meta property=\"og:type\" content=\"article\" \/>\n<meta property=\"og:title\" content=\"AURAe, Sabrina Ratt\u00e9 \u00e0 la Ga\u00eet\u00e9 Lyrique - Par les yeux de la coccinelle\" \/>\n<meta property=\"og:description\" content=\"Recommandation sortie \u00e0 Paris aujourd&#039;hui avec l&#039;exposition-exp\u00e9rience AURAe \u00e0 la G\u00e2it\u00e9 Lyrique, pr\u00e9sentant les oeuvres de Sabrina Ratt\u00e9.\" \/>\n<meta property=\"og:url\" content=\"https:\/\/yeux-coccinelle.fr\/blog\/aurae-lexposition-immersive-futuriste-de-sabrina-ratte-a-la-gaite-lyrique\/\" \/>\n<meta property=\"og:site_name\" content=\"Par les yeux de la coccinelle\" \/>\n<meta property=\"article:published_time\" content=\"2022-05-23T10:08:00+00:00\" \/>\n<meta property=\"article:modified_time\" content=\"2022-07-14T19:28:35+00:00\" \/>\n<meta property=\"og:image\" content=\"https:\/\/yeux-coccinelle.fr\/blog\/wp-content\/uploads\/2022\/05\/aurae-gaite-lyrique-16_1024px.jpg\" \/>\n\t<meta property=\"og:image:width\" content=\"858\" \/>\n\t<meta property=\"og:image:height\" content=\"1024\" \/>\n\t<meta property=\"og:image:type\" content=\"image\/jpeg\" \/>\n<meta name=\"author\" content=\"Laur\u00e9line Reynaud\" \/>\n<meta name=\"twitter:card\" content=\"summary_large_image\" \/>\n<meta name=\"twitter:label1\" content=\"\u00c9crit par\" \/>\n\t<meta name=\"twitter:data1\" content=\"Laur\u00e9line Reynaud\" \/>\n\t<meta name=\"twitter:label2\" content=\"Dur\u00e9e de lecture estim\u00e9e\" \/>\n\t<meta name=\"twitter:data2\" content=\"5 minutes\" \/>\n<script type=\"application\/ld+json\" class=\"yoast-schema-graph\">{\"@context\":\"https:\/\/schema.org\",\"@graph\":[{\"@type\":\"Article\",\"@id\":\"https:\/\/yeux-coccinelle.fr\/blog\/aurae-lexposition-immersive-futuriste-de-sabrina-ratte-a-la-gaite-lyrique\/#article\",\"isPartOf\":{\"@id\":\"https:\/\/yeux-coccinelle.fr\/blog\/aurae-lexposition-immersive-futuriste-de-sabrina-ratte-a-la-gaite-lyrique\/\"},\"author\":{\"name\":\"Laur\u00e9line Reynaud\",\"@id\":\"https:\/\/yeux-coccinelle.fr\/blog\/#\/schema\/person\/a23d16b5d4e9f0e58474cb6e45973473\"},\"headline\":\"AURAe, l&rsquo;exposition immersive futuriste de Sabrina Ratt\u00e9 \u00e0 La Ga\u00eet\u00e9 Lyrique\",\"datePublished\":\"2022-05-23T10:08:00+00:00\",\"dateModified\":\"2022-07-14T19:28:35+00:00\",\"mainEntityOfPage\":{\"@id\":\"https:\/\/yeux-coccinelle.fr\/blog\/aurae-lexposition-immersive-futuriste-de-sabrina-ratte-a-la-gaite-lyrique\/\"},\"wordCount\":577,\"commentCount\":0,\"publisher\":{\"@id\":\"https:\/\/yeux-coccinelle.fr\/blog\/#\/schema\/person\/a23d16b5d4e9f0e58474cb6e45973473\"},\"image\":{\"@id\":\"https:\/\/yeux-coccinelle.fr\/blog\/aurae-lexposition-immersive-futuriste-de-sabrina-ratte-a-la-gaite-lyrique\/#primaryimage\"},\"thumbnailUrl\":\"https:\/\/yeux-coccinelle.fr\/blog\/wp-content\/uploads\/2022\/05\/aurae-gaite-lyrique-16_1024px.jpg\",\"keywords\":[\"\ud83d\udc64 biographies\",\"\ud83d\uddbc expositions\"],\"articleSection\":[\"Culture photo et inspirations\"],\"inLanguage\":\"fr-FR\",\"potentialAction\":[{\"@type\":\"CommentAction\",\"name\":\"Comment\",\"target\":[\"https:\/\/yeux-coccinelle.fr\/blog\/aurae-lexposition-immersive-futuriste-de-sabrina-ratte-a-la-gaite-lyrique\/#respond\"]}]},{\"@type\":\"WebPage\",\"@id\":\"https:\/\/yeux-coccinelle.fr\/blog\/aurae-lexposition-immersive-futuriste-de-sabrina-ratte-a-la-gaite-lyrique\/\",\"url\":\"https:\/\/yeux-coccinelle.fr\/blog\/aurae-lexposition-immersive-futuriste-de-sabrina-ratte-a-la-gaite-lyrique\/\",\"name\":\"AURAe, Sabrina Ratt\u00e9 \u00e0 la Ga\u00eet\u00e9 Lyrique - Par les yeux de la coccinelle\",\"isPartOf\":{\"@id\":\"https:\/\/yeux-coccinelle.fr\/blog\/#website\"},\"primaryImageOfPage\":{\"@id\":\"https:\/\/yeux-coccinelle.fr\/blog\/aurae-lexposition-immersive-futuriste-de-sabrina-ratte-a-la-gaite-lyrique\/#primaryimage\"},\"image\":{\"@id\":\"https:\/\/yeux-coccinelle.fr\/blog\/aurae-lexposition-immersive-futuriste-de-sabrina-ratte-a-la-gaite-lyrique\/#primaryimage\"},\"thumbnailUrl\":\"https:\/\/yeux-coccinelle.fr\/blog\/wp-content\/uploads\/2022\/05\/aurae-gaite-lyrique-16_1024px.jpg\",\"datePublished\":\"2022-05-23T10:08:00+00:00\",\"dateModified\":\"2022-07-14T19:28:35+00:00\",\"description\":\"Recommandation sortie \u00e0 Paris aujourd'hui avec l'exposition-exp\u00e9rience AURAe \u00e0 la G\u00e2it\u00e9 Lyrique, pr\u00e9sentant les oeuvres de Sabrina Ratt\u00e9.\",\"breadcrumb\":{\"@id\":\"https:\/\/yeux-coccinelle.fr\/blog\/aurae-lexposition-immersive-futuriste-de-sabrina-ratte-a-la-gaite-lyrique\/#breadcrumb\"},\"inLanguage\":\"fr-FR\",\"potentialAction\":[{\"@type\":\"ReadAction\",\"target\":[\"https:\/\/yeux-coccinelle.fr\/blog\/aurae-lexposition-immersive-futuriste-de-sabrina-ratte-a-la-gaite-lyrique\/\"]}]},{\"@type\":\"ImageObject\",\"inLanguage\":\"fr-FR\",\"@id\":\"https:\/\/yeux-coccinelle.fr\/blog\/aurae-lexposition-immersive-futuriste-de-sabrina-ratte-a-la-gaite-lyrique\/#primaryimage\",\"url\":\"https:\/\/yeux-coccinelle.fr\/blog\/wp-content\/uploads\/2022\/05\/aurae-gaite-lyrique-16_1024px.jpg\",\"contentUrl\":\"https:\/\/yeux-coccinelle.fr\/blog\/wp-content\/uploads\/2022\/05\/aurae-gaite-lyrique-16_1024px.jpg\",\"width\":858,\"height\":1024},{\"@type\":\"BreadcrumbList\",\"@id\":\"https:\/\/yeux-coccinelle.fr\/blog\/aurae-lexposition-immersive-futuriste-de-sabrina-ratte-a-la-gaite-lyrique\/#breadcrumb\",\"itemListElement\":[{\"@type\":\"ListItem\",\"position\":1,\"name\":\"Accueil\",\"item\":\"https:\/\/yeux-coccinelle.fr\/blog\/\"},{\"@type\":\"ListItem\",\"position\":2,\"name\":\"AURAe, l&rsquo;exposition immersive futuriste de Sabrina Ratt\u00e9 \u00e0 La Ga\u00eet\u00e9 Lyrique\"}]},{\"@type\":\"WebSite\",\"@id\":\"https:\/\/yeux-coccinelle.fr\/blog\/#website\",\"url\":\"https:\/\/yeux-coccinelle.fr\/blog\/\",\"name\":\"Par les yeux de la coccinelle\",\"description\":\"partage d&#039;exp\u00e9rience et qu\u00eate d&#039;images\",\"publisher\":{\"@id\":\"https:\/\/yeux-coccinelle.fr\/blog\/#\/schema\/person\/a23d16b5d4e9f0e58474cb6e45973473\"},\"potentialAction\":[{\"@type\":\"SearchAction\",\"target\":{\"@type\":\"EntryPoint\",\"urlTemplate\":\"https:\/\/yeux-coccinelle.fr\/blog\/?s={search_term_string}\"},\"query-input\":{\"@type\":\"PropertyValueSpecification\",\"valueRequired\":true,\"valueName\":\"search_term_string\"}}],\"inLanguage\":\"fr-FR\"},{\"@type\":[\"Person\",\"Organization\"],\"@id\":\"https:\/\/yeux-coccinelle.fr\/blog\/#\/schema\/person\/a23d16b5d4e9f0e58474cb6e45973473\",\"name\":\"Laur\u00e9line Reynaud\",\"image\":{\"@type\":\"ImageObject\",\"inLanguage\":\"fr-FR\",\"@id\":\"https:\/\/yeux-coccinelle.fr\/blog\/#\/schema\/person\/image\/\",\"url\":\"https:\/\/yeux-coccinelle.fr\/blog\/wp-content\/uploads\/2021\/08\/vlcsnap-2021-08-10-11h28m42s985.png\",\"contentUrl\":\"https:\/\/yeux-coccinelle.fr\/blog\/wp-content\/uploads\/2021\/08\/vlcsnap-2021-08-10-11h28m42s985.png\",\"width\":1920,\"height\":1080,\"caption\":\"Laur\u00e9line Reynaud\"},\"logo\":{\"@id\":\"https:\/\/yeux-coccinelle.fr\/blog\/#\/schema\/person\/image\/\"},\"description\":\"Photographe beaut\u00e9 dipl\u00f4m\u00e9e de l'une des plus grande \u00e9coles de photographie Parisienne (Gobelins, l'\u00e9cole de l'image), je consid\u00e8re mon blog et mes r\u00e9seaux comme un journal. J'y relate mes 5 ann\u00e9es d'\u00e9tudes et ma professionnalisation : retours d'exp\u00e9riences, conseils et astuces de prise de vue ou de retouche, curation de contenu et inspirations, discussions Business, etc.\",\"sameAs\":[\"http:\/\/yeux-coccinelle.fr\",\"https:\/\/www.instagram.com\/yeux.coccinelle_blog\",\"https:\/\/www.pinterest.fr\/parlesyeuxdelacoccinelle\"],\"url\":\"https:\/\/yeux-coccinelle.fr\/blog\/author\/enilerual\/\"}]}<\/script>\n<!-- \/ Yoast SEO plugin. -->","yoast_head_json":{"title":"AURAe, Sabrina Ratt\u00e9 \u00e0 la Ga\u00eet\u00e9 Lyrique - Par les yeux de la coccinelle","description":"Recommandation sortie \u00e0 Paris aujourd'hui avec l'exposition-exp\u00e9rience AURAe \u00e0 la G\u00e2it\u00e9 Lyrique, pr\u00e9sentant les oeuvres de Sabrina Ratt\u00e9.","robots":{"index":"index","follow":"follow","max-snippet":"max-snippet:-1","max-image-preview":"max-image-preview:large","max-video-preview":"max-video-preview:-1"},"canonical":"https:\/\/yeux-coccinelle.fr\/blog\/aurae-lexposition-immersive-futuriste-de-sabrina-ratte-a-la-gaite-lyrique\/","og_locale":"fr_FR","og_type":"article","og_title":"AURAe, Sabrina Ratt\u00e9 \u00e0 la Ga\u00eet\u00e9 Lyrique - Par les yeux de la coccinelle","og_description":"Recommandation sortie \u00e0 Paris aujourd'hui avec l'exposition-exp\u00e9rience AURAe \u00e0 la G\u00e2it\u00e9 Lyrique, pr\u00e9sentant les oeuvres de Sabrina Ratt\u00e9.","og_url":"https:\/\/yeux-coccinelle.fr\/blog\/aurae-lexposition-immersive-futuriste-de-sabrina-ratte-a-la-gaite-lyrique\/","og_site_name":"Par les yeux de la coccinelle","article_published_time":"2022-05-23T10:08:00+00:00","article_modified_time":"2022-07-14T19:28:35+00:00","og_image":[{"width":858,"height":1024,"url":"https:\/\/yeux-coccinelle.fr\/blog\/wp-content\/uploads\/2022\/05\/aurae-gaite-lyrique-16_1024px.jpg","type":"image\/jpeg"}],"author":"Laur\u00e9line Reynaud","twitter_card":"summary_large_image","twitter_misc":{"\u00c9crit par":"Laur\u00e9line Reynaud","Dur\u00e9e de lecture estim\u00e9e":"5 minutes"},"schema":{"@context":"https:\/\/schema.org","@graph":[{"@type":"Article","@id":"https:\/\/yeux-coccinelle.fr\/blog\/aurae-lexposition-immersive-futuriste-de-sabrina-ratte-a-la-gaite-lyrique\/#article","isPartOf":{"@id":"https:\/\/yeux-coccinelle.fr\/blog\/aurae-lexposition-immersive-futuriste-de-sabrina-ratte-a-la-gaite-lyrique\/"},"author":{"name":"Laur\u00e9line Reynaud","@id":"https:\/\/yeux-coccinelle.fr\/blog\/#\/schema\/person\/a23d16b5d4e9f0e58474cb6e45973473"},"headline":"AURAe, l&rsquo;exposition immersive futuriste de Sabrina Ratt\u00e9 \u00e0 La Ga\u00eet\u00e9 Lyrique","datePublished":"2022-05-23T10:08:00+00:00","dateModified":"2022-07-14T19:28:35+00:00","mainEntityOfPage":{"@id":"https:\/\/yeux-coccinelle.fr\/blog\/aurae-lexposition-immersive-futuriste-de-sabrina-ratte-a-la-gaite-lyrique\/"},"wordCount":577,"commentCount":0,"publisher":{"@id":"https:\/\/yeux-coccinelle.fr\/blog\/#\/schema\/person\/a23d16b5d4e9f0e58474cb6e45973473"},"image":{"@id":"https:\/\/yeux-coccinelle.fr\/blog\/aurae-lexposition-immersive-futuriste-de-sabrina-ratte-a-la-gaite-lyrique\/#primaryimage"},"thumbnailUrl":"https:\/\/yeux-coccinelle.fr\/blog\/wp-content\/uploads\/2022\/05\/aurae-gaite-lyrique-16_1024px.jpg","keywords":["\ud83d\udc64 biographies","\ud83d\uddbc expositions"],"articleSection":["Culture photo et inspirations"],"inLanguage":"fr-FR","potentialAction":[{"@type":"CommentAction","name":"Comment","target":["https:\/\/yeux-coccinelle.fr\/blog\/aurae-lexposition-immersive-futuriste-de-sabrina-ratte-a-la-gaite-lyrique\/#respond"]}]},{"@type":"WebPage","@id":"https:\/\/yeux-coccinelle.fr\/blog\/aurae-lexposition-immersive-futuriste-de-sabrina-ratte-a-la-gaite-lyrique\/","url":"https:\/\/yeux-coccinelle.fr\/blog\/aurae-lexposition-immersive-futuriste-de-sabrina-ratte-a-la-gaite-lyrique\/","name":"AURAe, Sabrina Ratt\u00e9 \u00e0 la Ga\u00eet\u00e9 Lyrique - Par les yeux de la coccinelle","isPartOf":{"@id":"https:\/\/yeux-coccinelle.fr\/blog\/#website"},"primaryImageOfPage":{"@id":"https:\/\/yeux-coccinelle.fr\/blog\/aurae-lexposition-immersive-futuriste-de-sabrina-ratte-a-la-gaite-lyrique\/#primaryimage"},"image":{"@id":"https:\/\/yeux-coccinelle.fr\/blog\/aurae-lexposition-immersive-futuriste-de-sabrina-ratte-a-la-gaite-lyrique\/#primaryimage"},"thumbnailUrl":"https:\/\/yeux-coccinelle.fr\/blog\/wp-content\/uploads\/2022\/05\/aurae-gaite-lyrique-16_1024px.jpg","datePublished":"2022-05-23T10:08:00+00:00","dateModified":"2022-07-14T19:28:35+00:00","description":"Recommandation sortie \u00e0 Paris aujourd'hui avec l'exposition-exp\u00e9rience AURAe \u00e0 la G\u00e2it\u00e9 Lyrique, pr\u00e9sentant les oeuvres de Sabrina Ratt\u00e9.","breadcrumb":{"@id":"https:\/\/yeux-coccinelle.fr\/blog\/aurae-lexposition-immersive-futuriste-de-sabrina-ratte-a-la-gaite-lyrique\/#breadcrumb"},"inLanguage":"fr-FR","potentialAction":[{"@type":"ReadAction","target":["https:\/\/yeux-coccinelle.fr\/blog\/aurae-lexposition-immersive-futuriste-de-sabrina-ratte-a-la-gaite-lyrique\/"]}]},{"@type":"ImageObject","inLanguage":"fr-FR","@id":"https:\/\/yeux-coccinelle.fr\/blog\/aurae-lexposition-immersive-futuriste-de-sabrina-ratte-a-la-gaite-lyrique\/#primaryimage","url":"https:\/\/yeux-coccinelle.fr\/blog\/wp-content\/uploads\/2022\/05\/aurae-gaite-lyrique-16_1024px.jpg","contentUrl":"https:\/\/yeux-coccinelle.fr\/blog\/wp-content\/uploads\/2022\/05\/aurae-gaite-lyrique-16_1024px.jpg","width":858,"height":1024},{"@type":"BreadcrumbList","@id":"https:\/\/yeux-coccinelle.fr\/blog\/aurae-lexposition-immersive-futuriste-de-sabrina-ratte-a-la-gaite-lyrique\/#breadcrumb","itemListElement":[{"@type":"ListItem","position":1,"name":"Accueil","item":"https:\/\/yeux-coccinelle.fr\/blog\/"},{"@type":"ListItem","position":2,"name":"AURAe, l&rsquo;exposition immersive futuriste de Sabrina Ratt\u00e9 \u00e0 La Ga\u00eet\u00e9 Lyrique"}]},{"@type":"WebSite","@id":"https:\/\/yeux-coccinelle.fr\/blog\/#website","url":"https:\/\/yeux-coccinelle.fr\/blog\/","name":"Par les yeux de la coccinelle","description":"partage d&#039;exp\u00e9rience et qu\u00eate d&#039;images","publisher":{"@id":"https:\/\/yeux-coccinelle.fr\/blog\/#\/schema\/person\/a23d16b5d4e9f0e58474cb6e45973473"},"potentialAction":[{"@type":"SearchAction","target":{"@type":"EntryPoint","urlTemplate":"https:\/\/yeux-coccinelle.fr\/blog\/?s={search_term_string}"},"query-input":{"@type":"PropertyValueSpecification","valueRequired":true,"valueName":"search_term_string"}}],"inLanguage":"fr-FR"},{"@type":["Person","Organization"],"@id":"https:\/\/yeux-coccinelle.fr\/blog\/#\/schema\/person\/a23d16b5d4e9f0e58474cb6e45973473","name":"Laur\u00e9line Reynaud","image":{"@type":"ImageObject","inLanguage":"fr-FR","@id":"https:\/\/yeux-coccinelle.fr\/blog\/#\/schema\/person\/image\/","url":"https:\/\/yeux-coccinelle.fr\/blog\/wp-content\/uploads\/2021\/08\/vlcsnap-2021-08-10-11h28m42s985.png","contentUrl":"https:\/\/yeux-coccinelle.fr\/blog\/wp-content\/uploads\/2021\/08\/vlcsnap-2021-08-10-11h28m42s985.png","width":1920,"height":1080,"caption":"Laur\u00e9line Reynaud"},"logo":{"@id":"https:\/\/yeux-coccinelle.fr\/blog\/#\/schema\/person\/image\/"},"description":"Photographe beaut\u00e9 dipl\u00f4m\u00e9e de l'une des plus grande \u00e9coles de photographie Parisienne (Gobelins, l'\u00e9cole de l'image), je consid\u00e8re mon blog et mes r\u00e9seaux comme un journal. J'y relate mes 5 ann\u00e9es d'\u00e9tudes et ma professionnalisation : retours d'exp\u00e9riences, conseils et astuces de prise de vue ou de retouche, curation de contenu et inspirations, discussions Business, etc.","sameAs":["http:\/\/yeux-coccinelle.fr","https:\/\/www.instagram.com\/yeux.coccinelle_blog","https:\/\/www.pinterest.fr\/parlesyeuxdelacoccinelle"],"url":"https:\/\/yeux-coccinelle.fr\/blog\/author\/enilerual\/"}]}},"jetpack_sharing_enabled":true,"jetpack_featured_media_url":"https:\/\/yeux-coccinelle.fr\/blog\/wp-content\/uploads\/2022\/05\/aurae-gaite-lyrique-16_1024px.jpg","_links":{"self":[{"href":"https:\/\/yeux-coccinelle.fr\/blog\/wp-json\/wp\/v2\/posts\/5494"}],"collection":[{"href":"https:\/\/yeux-coccinelle.fr\/blog\/wp-json\/wp\/v2\/posts"}],"about":[{"href":"https:\/\/yeux-coccinelle.fr\/blog\/wp-json\/wp\/v2\/types\/post"}],"author":[{"embeddable":true,"href":"https:\/\/yeux-coccinelle.fr\/blog\/wp-json\/wp\/v2\/users\/1"}],"replies":[{"embeddable":true,"href":"https:\/\/yeux-coccinelle.fr\/blog\/wp-json\/wp\/v2\/comments?post=5494"}],"version-history":[{"count":16,"href":"https:\/\/yeux-coccinelle.fr\/blog\/wp-json\/wp\/v2\/posts\/5494\/revisions"}],"predecessor-version":[{"id":5528,"href":"https:\/\/yeux-coccinelle.fr\/blog\/wp-json\/wp\/v2\/posts\/5494\/revisions\/5528"}],"wp:featuredmedia":[{"embeddable":true,"href":"https:\/\/yeux-coccinelle.fr\/blog\/wp-json\/wp\/v2\/media\/5498"}],"wp:attachment":[{"href":"https:\/\/yeux-coccinelle.fr\/blog\/wp-json\/wp\/v2\/media?parent=5494"}],"wp:term":[{"taxonomy":"category","embeddable":true,"href":"https:\/\/yeux-coccinelle.fr\/blog\/wp-json\/wp\/v2\/categories?post=5494"},{"taxonomy":"post_tag","embeddable":true,"href":"https:\/\/yeux-coccinelle.fr\/blog\/wp-json\/wp\/v2\/tags?post=5494"}],"curies":[{"name":"wp","href":"https:\/\/api.w.org\/{rel}","templated":true}]}}