{"id":3387,"date":"2021-03-22T12:13:57","date_gmt":"2021-03-22T11:13:57","guid":{"rendered":"https:\/\/yeux-coccinelle.fr\/blog\/?p=3387"},"modified":"2022-07-14T21:26:04","modified_gmt":"2022-07-14T19:26:04","slug":"mona-kuhn-exposition-virtuelle-par-la-flowers-gallery","status":"publish","type":"post","link":"https:\/\/yeux-coccinelle.fr\/blog\/mona-kuhn-exposition-virtuelle-par-la-flowers-gallery\/","title":{"rendered":"Mona Kuhn : une exposition virtuelle par la Flowers Gallery"},"content":{"rendered":"\n<p>A l&rsquo;occasion de la sortie de la monographie <em>Works<\/em> pr\u00e9sentant le travail de la photographe Mona Kuhn, la galerie Flowers nous propose une exposition r\u00e9trospective en ligne et gratuite du <em>11 mars au 25 avril 2021 <\/em>que je vous invite fortement \u00e0 d\u00e9couvrir !<\/p>\n\n\n\n<p><a href=\"https:\/\/www.flowersgallery.com\/exhibitions\/515-mona-kuhn-works\/\" target=\"_blank\" rel=\"noopener\">\u2192 Acc\u00e9der \u00e0 l&rsquo;exposition virtuelle (textes en anglais)<\/a><\/p>\n\n\n\n<figure class=\"wp-block-image\"><img loading=\"lazy\" decoding=\"async\" width=\"1024\" height=\"636\" src=\"https:\/\/yeux-coccinelle.fr\/blog\/wp-content\/uploads\/2021\/03\/kuhn-install-4-works-v4-1024x636.jpg\" alt=\"\" class=\"wp-image-3396\" srcset=\"https:\/\/yeux-coccinelle.fr\/blog\/wp-content\/uploads\/2021\/03\/kuhn-install-4-works-v4-1024x636.jpg 1024w, https:\/\/yeux-coccinelle.fr\/blog\/wp-content\/uploads\/2021\/03\/kuhn-install-4-works-v4-300x186.jpg 300w, https:\/\/yeux-coccinelle.fr\/blog\/wp-content\/uploads\/2021\/03\/kuhn-install-4-works-v4-768x477.jpg 768w, https:\/\/yeux-coccinelle.fr\/blog\/wp-content\/uploads\/2021\/03\/kuhn-install-4-works-v4-1536x954.jpg 1536w, https:\/\/yeux-coccinelle.fr\/blog\/wp-content\/uploads\/2021\/03\/kuhn-install-4-works-v4-2048x1273.jpg 2048w, https:\/\/yeux-coccinelle.fr\/blog\/wp-content\/uploads\/2021\/03\/kuhn-install-4-works-v4-1100x684.jpg 1100w, https:\/\/yeux-coccinelle.fr\/blog\/wp-content\/uploads\/2021\/03\/kuhn-install-4-works-v4-550x342.jpg 550w, https:\/\/yeux-coccinelle.fr\/blog\/wp-content\/uploads\/2021\/03\/kuhn-install-4-works-v4-160x99.jpg 160w\" sizes=\"(max-width: 1024px) 100vw, 1024px\" \/><\/figure>\n","protected":false},"excerpt":{"rendered":"<p>A l&rsquo;occasion de la sortie de la monographie Works pr\u00e9sentant le travail de la photographe Mona Kuhn, la galerie Flowers nous propose une exposition r\u00e9trospective en ligne et gratuite du 11 mars au 25 avril 2021 que je vous invite fortement \u00e0 d\u00e9couvrir ! \u2192 Acc\u00e9der \u00e0 l&rsquo;exposition virtuelle (textes en anglais)<\/p>\n<a class=\"read-more-link\" href=\" https:\/\/yeux-coccinelle.fr\/blog\/mona-kuhn-exposition-virtuelle-par-la-flowers-gallery\/ \">Lire la suite<\/a>","protected":false},"author":1,"featured_media":0,"comment_status":"open","ping_status":"open","sticky":false,"template":"","format":"link","meta":{"footnotes":""},"categories":[26],"tags":[36,31],"yoast_head":"<!-- This site is optimized with the Yoast SEO plugin v23.4 - https:\/\/yoast.com\/wordpress\/plugins\/seo\/ -->\n<title>Mona Kuhn : une exposition virtuelle par la Flowers Gallery<\/title>\n<meta name=\"robots\" content=\"index, follow, max-snippet:-1, max-image-preview:large, max-video-preview:-1\" \/>\n<link rel=\"canonical\" href=\"https:\/\/yeux-coccinelle.fr\/blog\/mona-kuhn-exposition-virtuelle-par-la-flowers-gallery\/\" \/>\n<meta property=\"og:locale\" content=\"fr_FR\" \/>\n<meta property=\"og:type\" content=\"article\" \/>\n<meta property=\"og:title\" content=\"Mona Kuhn : une exposition virtuelle par la Flowers Gallery\" \/>\n<meta property=\"og:description\" content=\"A l&rsquo;occasion de la sortie de la monographie Works pr\u00e9sentant le travail de la photographe Mona Kuhn, la galerie Flowers nous propose une exposition r\u00e9trospective en ligne et gratuite du 11 mars au 25 avril 2021 que je vous invite fortement \u00e0 d\u00e9couvrir ! \u2192 Acc\u00e9der \u00e0 l&rsquo;exposition virtuelle (textes en anglais)\" \/>\n<meta property=\"og:url\" content=\"https:\/\/yeux-coccinelle.fr\/blog\/mona-kuhn-exposition-virtuelle-par-la-flowers-gallery\/\" \/>\n<meta property=\"og:site_name\" content=\"Par les yeux de la coccinelle\" \/>\n<meta property=\"article:published_time\" content=\"2021-03-22T11:13:57+00:00\" \/>\n<meta property=\"article:modified_time\" content=\"2022-07-14T19:26:04+00:00\" \/>\n<meta property=\"og:image\" content=\"https:\/\/yeux-coccinelle.fr\/blog\/wp-content\/uploads\/2021\/03\/kuhn-install-4-works-v4-1024x636.jpg\" \/>\n<meta name=\"author\" content=\"Laur\u00e9line Reynaud\" \/>\n<meta name=\"twitter:card\" content=\"summary_large_image\" \/>\n<meta name=\"twitter:label1\" content=\"\u00c9crit par\" \/>\n\t<meta name=\"twitter:data1\" content=\"Laur\u00e9line Reynaud\" \/>\n\t<meta name=\"twitter:label2\" content=\"Dur\u00e9e de lecture estim\u00e9e\" \/>\n\t<meta name=\"twitter:data2\" content=\"1 minute\" \/>\n<script type=\"application\/ld+json\" class=\"yoast-schema-graph\">{\"@context\":\"https:\/\/schema.org\",\"@graph\":[{\"@type\":\"Article\",\"@id\":\"https:\/\/yeux-coccinelle.fr\/blog\/mona-kuhn-exposition-virtuelle-par-la-flowers-gallery\/#article\",\"isPartOf\":{\"@id\":\"https:\/\/yeux-coccinelle.fr\/blog\/mona-kuhn-exposition-virtuelle-par-la-flowers-gallery\/\"},\"author\":{\"name\":\"Laur\u00e9line Reynaud\",\"@id\":\"https:\/\/yeux-coccinelle.fr\/blog\/#\/schema\/person\/a23d16b5d4e9f0e58474cb6e45973473\"},\"headline\":\"Mona Kuhn : une exposition virtuelle par la Flowers Gallery\",\"datePublished\":\"2021-03-22T11:13:57+00:00\",\"dateModified\":\"2022-07-14T19:26:04+00:00\",\"mainEntityOfPage\":{\"@id\":\"https:\/\/yeux-coccinelle.fr\/blog\/mona-kuhn-exposition-virtuelle-par-la-flowers-gallery\/\"},\"wordCount\":60,\"commentCount\":0,\"publisher\":{\"@id\":\"https:\/\/yeux-coccinelle.fr\/blog\/#\/schema\/person\/a23d16b5d4e9f0e58474cb6e45973473\"},\"image\":{\"@id\":\"https:\/\/yeux-coccinelle.fr\/blog\/mona-kuhn-exposition-virtuelle-par-la-flowers-gallery\/#primaryimage\"},\"thumbnailUrl\":\"https:\/\/yeux-coccinelle.fr\/blog\/wp-content\/uploads\/2021\/03\/kuhn-install-4-works-v4-1024x636.jpg\",\"keywords\":[\"\ud83d\uddbc expositions\",\"\ud83d\udcf8 photographes\"],\"articleSection\":[\"Culture photo et inspirations\"],\"inLanguage\":\"fr-FR\",\"potentialAction\":[{\"@type\":\"CommentAction\",\"name\":\"Comment\",\"target\":[\"https:\/\/yeux-coccinelle.fr\/blog\/mona-kuhn-exposition-virtuelle-par-la-flowers-gallery\/#respond\"]}]},{\"@type\":\"WebPage\",\"@id\":\"https:\/\/yeux-coccinelle.fr\/blog\/mona-kuhn-exposition-virtuelle-par-la-flowers-gallery\/\",\"url\":\"https:\/\/yeux-coccinelle.fr\/blog\/mona-kuhn-exposition-virtuelle-par-la-flowers-gallery\/\",\"name\":\"Mona Kuhn : une exposition virtuelle par la Flowers Gallery\",\"isPartOf\":{\"@id\":\"https:\/\/yeux-coccinelle.fr\/blog\/#website\"},\"primaryImageOfPage\":{\"@id\":\"https:\/\/yeux-coccinelle.fr\/blog\/mona-kuhn-exposition-virtuelle-par-la-flowers-gallery\/#primaryimage\"},\"image\":{\"@id\":\"https:\/\/yeux-coccinelle.fr\/blog\/mona-kuhn-exposition-virtuelle-par-la-flowers-gallery\/#primaryimage\"},\"thumbnailUrl\":\"https:\/\/yeux-coccinelle.fr\/blog\/wp-content\/uploads\/2021\/03\/kuhn-install-4-works-v4-1024x636.jpg\",\"datePublished\":\"2021-03-22T11:13:57+00:00\",\"dateModified\":\"2022-07-14T19:26:04+00:00\",\"breadcrumb\":{\"@id\":\"https:\/\/yeux-coccinelle.fr\/blog\/mona-kuhn-exposition-virtuelle-par-la-flowers-gallery\/#breadcrumb\"},\"inLanguage\":\"fr-FR\",\"potentialAction\":[{\"@type\":\"ReadAction\",\"target\":[\"https:\/\/yeux-coccinelle.fr\/blog\/mona-kuhn-exposition-virtuelle-par-la-flowers-gallery\/\"]}]},{\"@type\":\"ImageObject\",\"inLanguage\":\"fr-FR\",\"@id\":\"https:\/\/yeux-coccinelle.fr\/blog\/mona-kuhn-exposition-virtuelle-par-la-flowers-gallery\/#primaryimage\",\"url\":\"https:\/\/yeux-coccinelle.fr\/blog\/wp-content\/uploads\/2021\/03\/kuhn-install-4-works-v4.jpg\",\"contentUrl\":\"https:\/\/yeux-coccinelle.fr\/blog\/wp-content\/uploads\/2021\/03\/kuhn-install-4-works-v4.jpg\",\"width\":2200,\"height\":1367},{\"@type\":\"BreadcrumbList\",\"@id\":\"https:\/\/yeux-coccinelle.fr\/blog\/mona-kuhn-exposition-virtuelle-par-la-flowers-gallery\/#breadcrumb\",\"itemListElement\":[{\"@type\":\"ListItem\",\"position\":1,\"name\":\"Accueil\",\"item\":\"https:\/\/yeux-coccinelle.fr\/blog\/\"},{\"@type\":\"ListItem\",\"position\":2,\"name\":\"Mona Kuhn : une exposition virtuelle par la Flowers Gallery\"}]},{\"@type\":\"WebSite\",\"@id\":\"https:\/\/yeux-coccinelle.fr\/blog\/#website\",\"url\":\"https:\/\/yeux-coccinelle.fr\/blog\/\",\"name\":\"Par les yeux de la coccinelle\",\"description\":\"partage d&#039;exp\u00e9rience et qu\u00eate d&#039;images\",\"publisher\":{\"@id\":\"https:\/\/yeux-coccinelle.fr\/blog\/#\/schema\/person\/a23d16b5d4e9f0e58474cb6e45973473\"},\"potentialAction\":[{\"@type\":\"SearchAction\",\"target\":{\"@type\":\"EntryPoint\",\"urlTemplate\":\"https:\/\/yeux-coccinelle.fr\/blog\/?s={search_term_string}\"},\"query-input\":{\"@type\":\"PropertyValueSpecification\",\"valueRequired\":true,\"valueName\":\"search_term_string\"}}],\"inLanguage\":\"fr-FR\"},{\"@type\":[\"Person\",\"Organization\"],\"@id\":\"https:\/\/yeux-coccinelle.fr\/blog\/#\/schema\/person\/a23d16b5d4e9f0e58474cb6e45973473\",\"name\":\"Laur\u00e9line Reynaud\",\"image\":{\"@type\":\"ImageObject\",\"inLanguage\":\"fr-FR\",\"@id\":\"https:\/\/yeux-coccinelle.fr\/blog\/#\/schema\/person\/image\/\",\"url\":\"https:\/\/yeux-coccinelle.fr\/blog\/wp-content\/uploads\/2021\/08\/vlcsnap-2021-08-10-11h28m42s985.png\",\"contentUrl\":\"https:\/\/yeux-coccinelle.fr\/blog\/wp-content\/uploads\/2021\/08\/vlcsnap-2021-08-10-11h28m42s985.png\",\"width\":1920,\"height\":1080,\"caption\":\"Laur\u00e9line Reynaud\"},\"logo\":{\"@id\":\"https:\/\/yeux-coccinelle.fr\/blog\/#\/schema\/person\/image\/\"},\"description\":\"Photographe beaut\u00e9 dipl\u00f4m\u00e9e de l'une des plus grande \u00e9coles de photographie Parisienne (Gobelins, l'\u00e9cole de l'image), je consid\u00e8re mon blog et mes r\u00e9seaux comme un journal. J'y relate mes 5 ann\u00e9es d'\u00e9tudes et ma professionnalisation : retours d'exp\u00e9riences, conseils et astuces de prise de vue ou de retouche, curation de contenu et inspirations, discussions Business, etc.\",\"sameAs\":[\"http:\/\/yeux-coccinelle.fr\",\"https:\/\/www.instagram.com\/yeux.coccinelle_blog\",\"https:\/\/www.pinterest.fr\/parlesyeuxdelacoccinelle\"],\"url\":\"https:\/\/yeux-coccinelle.fr\/blog\/author\/enilerual\/\"}]}<\/script>\n<!-- \/ Yoast SEO plugin. -->","yoast_head_json":{"title":"Mona Kuhn : une exposition virtuelle par la Flowers Gallery","robots":{"index":"index","follow":"follow","max-snippet":"max-snippet:-1","max-image-preview":"max-image-preview:large","max-video-preview":"max-video-preview:-1"},"canonical":"https:\/\/yeux-coccinelle.fr\/blog\/mona-kuhn-exposition-virtuelle-par-la-flowers-gallery\/","og_locale":"fr_FR","og_type":"article","og_title":"Mona Kuhn : une exposition virtuelle par la Flowers Gallery","og_description":"A l&rsquo;occasion de la sortie de la monographie Works pr\u00e9sentant le travail de la photographe Mona Kuhn, la galerie Flowers nous propose une exposition r\u00e9trospective en ligne et gratuite du 11 mars au 25 avril 2021 que je vous invite fortement \u00e0 d\u00e9couvrir ! \u2192 Acc\u00e9der \u00e0 l&rsquo;exposition virtuelle (textes en anglais)","og_url":"https:\/\/yeux-coccinelle.fr\/blog\/mona-kuhn-exposition-virtuelle-par-la-flowers-gallery\/","og_site_name":"Par les yeux de la coccinelle","article_published_time":"2021-03-22T11:13:57+00:00","article_modified_time":"2022-07-14T19:26:04+00:00","og_image":[{"url":"https:\/\/yeux-coccinelle.fr\/blog\/wp-content\/uploads\/2021\/03\/kuhn-install-4-works-v4-1024x636.jpg"}],"author":"Laur\u00e9line Reynaud","twitter_card":"summary_large_image","twitter_misc":{"\u00c9crit par":"Laur\u00e9line Reynaud","Dur\u00e9e de lecture estim\u00e9e":"1 minute"},"schema":{"@context":"https:\/\/schema.org","@graph":[{"@type":"Article","@id":"https:\/\/yeux-coccinelle.fr\/blog\/mona-kuhn-exposition-virtuelle-par-la-flowers-gallery\/#article","isPartOf":{"@id":"https:\/\/yeux-coccinelle.fr\/blog\/mona-kuhn-exposition-virtuelle-par-la-flowers-gallery\/"},"author":{"name":"Laur\u00e9line Reynaud","@id":"https:\/\/yeux-coccinelle.fr\/blog\/#\/schema\/person\/a23d16b5d4e9f0e58474cb6e45973473"},"headline":"Mona Kuhn : une exposition virtuelle par la Flowers Gallery","datePublished":"2021-03-22T11:13:57+00:00","dateModified":"2022-07-14T19:26:04+00:00","mainEntityOfPage":{"@id":"https:\/\/yeux-coccinelle.fr\/blog\/mona-kuhn-exposition-virtuelle-par-la-flowers-gallery\/"},"wordCount":60,"commentCount":0,"publisher":{"@id":"https:\/\/yeux-coccinelle.fr\/blog\/#\/schema\/person\/a23d16b5d4e9f0e58474cb6e45973473"},"image":{"@id":"https:\/\/yeux-coccinelle.fr\/blog\/mona-kuhn-exposition-virtuelle-par-la-flowers-gallery\/#primaryimage"},"thumbnailUrl":"https:\/\/yeux-coccinelle.fr\/blog\/wp-content\/uploads\/2021\/03\/kuhn-install-4-works-v4-1024x636.jpg","keywords":["\ud83d\uddbc expositions","\ud83d\udcf8 photographes"],"articleSection":["Culture photo et inspirations"],"inLanguage":"fr-FR","potentialAction":[{"@type":"CommentAction","name":"Comment","target":["https:\/\/yeux-coccinelle.fr\/blog\/mona-kuhn-exposition-virtuelle-par-la-flowers-gallery\/#respond"]}]},{"@type":"WebPage","@id":"https:\/\/yeux-coccinelle.fr\/blog\/mona-kuhn-exposition-virtuelle-par-la-flowers-gallery\/","url":"https:\/\/yeux-coccinelle.fr\/blog\/mona-kuhn-exposition-virtuelle-par-la-flowers-gallery\/","name":"Mona Kuhn : une exposition virtuelle par la Flowers Gallery","isPartOf":{"@id":"https:\/\/yeux-coccinelle.fr\/blog\/#website"},"primaryImageOfPage":{"@id":"https:\/\/yeux-coccinelle.fr\/blog\/mona-kuhn-exposition-virtuelle-par-la-flowers-gallery\/#primaryimage"},"image":{"@id":"https:\/\/yeux-coccinelle.fr\/blog\/mona-kuhn-exposition-virtuelle-par-la-flowers-gallery\/#primaryimage"},"thumbnailUrl":"https:\/\/yeux-coccinelle.fr\/blog\/wp-content\/uploads\/2021\/03\/kuhn-install-4-works-v4-1024x636.jpg","datePublished":"2021-03-22T11:13:57+00:00","dateModified":"2022-07-14T19:26:04+00:00","breadcrumb":{"@id":"https:\/\/yeux-coccinelle.fr\/blog\/mona-kuhn-exposition-virtuelle-par-la-flowers-gallery\/#breadcrumb"},"inLanguage":"fr-FR","potentialAction":[{"@type":"ReadAction","target":["https:\/\/yeux-coccinelle.fr\/blog\/mona-kuhn-exposition-virtuelle-par-la-flowers-gallery\/"]}]},{"@type":"ImageObject","inLanguage":"fr-FR","@id":"https:\/\/yeux-coccinelle.fr\/blog\/mona-kuhn-exposition-virtuelle-par-la-flowers-gallery\/#primaryimage","url":"https:\/\/yeux-coccinelle.fr\/blog\/wp-content\/uploads\/2021\/03\/kuhn-install-4-works-v4.jpg","contentUrl":"https:\/\/yeux-coccinelle.fr\/blog\/wp-content\/uploads\/2021\/03\/kuhn-install-4-works-v4.jpg","width":2200,"height":1367},{"@type":"BreadcrumbList","@id":"https:\/\/yeux-coccinelle.fr\/blog\/mona-kuhn-exposition-virtuelle-par-la-flowers-gallery\/#breadcrumb","itemListElement":[{"@type":"ListItem","position":1,"name":"Accueil","item":"https:\/\/yeux-coccinelle.fr\/blog\/"},{"@type":"ListItem","position":2,"name":"Mona Kuhn : une exposition virtuelle par la Flowers Gallery"}]},{"@type":"WebSite","@id":"https:\/\/yeux-coccinelle.fr\/blog\/#website","url":"https:\/\/yeux-coccinelle.fr\/blog\/","name":"Par les yeux de la coccinelle","description":"partage d&#039;exp\u00e9rience et qu\u00eate d&#039;images","publisher":{"@id":"https:\/\/yeux-coccinelle.fr\/blog\/#\/schema\/person\/a23d16b5d4e9f0e58474cb6e45973473"},"potentialAction":[{"@type":"SearchAction","target":{"@type":"EntryPoint","urlTemplate":"https:\/\/yeux-coccinelle.fr\/blog\/?s={search_term_string}"},"query-input":{"@type":"PropertyValueSpecification","valueRequired":true,"valueName":"search_term_string"}}],"inLanguage":"fr-FR"},{"@type":["Person","Organization"],"@id":"https:\/\/yeux-coccinelle.fr\/blog\/#\/schema\/person\/a23d16b5d4e9f0e58474cb6e45973473","name":"Laur\u00e9line Reynaud","image":{"@type":"ImageObject","inLanguage":"fr-FR","@id":"https:\/\/yeux-coccinelle.fr\/blog\/#\/schema\/person\/image\/","url":"https:\/\/yeux-coccinelle.fr\/blog\/wp-content\/uploads\/2021\/08\/vlcsnap-2021-08-10-11h28m42s985.png","contentUrl":"https:\/\/yeux-coccinelle.fr\/blog\/wp-content\/uploads\/2021\/08\/vlcsnap-2021-08-10-11h28m42s985.png","width":1920,"height":1080,"caption":"Laur\u00e9line Reynaud"},"logo":{"@id":"https:\/\/yeux-coccinelle.fr\/blog\/#\/schema\/person\/image\/"},"description":"Photographe beaut\u00e9 dipl\u00f4m\u00e9e de l'une des plus grande \u00e9coles de photographie Parisienne (Gobelins, l'\u00e9cole de l'image), je consid\u00e8re mon blog et mes r\u00e9seaux comme un journal. J'y relate mes 5 ann\u00e9es d'\u00e9tudes et ma professionnalisation : retours d'exp\u00e9riences, conseils et astuces de prise de vue ou de retouche, curation de contenu et inspirations, discussions Business, etc.","sameAs":["http:\/\/yeux-coccinelle.fr","https:\/\/www.instagram.com\/yeux.coccinelle_blog","https:\/\/www.pinterest.fr\/parlesyeuxdelacoccinelle"],"url":"https:\/\/yeux-coccinelle.fr\/blog\/author\/enilerual\/"}]}},"jetpack_sharing_enabled":true,"jetpack_featured_media_url":"","_links":{"self":[{"href":"https:\/\/yeux-coccinelle.fr\/blog\/wp-json\/wp\/v2\/posts\/3387"}],"collection":[{"href":"https:\/\/yeux-coccinelle.fr\/blog\/wp-json\/wp\/v2\/posts"}],"about":[{"href":"https:\/\/yeux-coccinelle.fr\/blog\/wp-json\/wp\/v2\/types\/post"}],"author":[{"embeddable":true,"href":"https:\/\/yeux-coccinelle.fr\/blog\/wp-json\/wp\/v2\/users\/1"}],"replies":[{"embeddable":true,"href":"https:\/\/yeux-coccinelle.fr\/blog\/wp-json\/wp\/v2\/comments?post=3387"}],"version-history":[{"count":14,"href":"https:\/\/yeux-coccinelle.fr\/blog\/wp-json\/wp\/v2\/posts\/3387\/revisions"}],"predecessor-version":[{"id":3732,"href":"https:\/\/yeux-coccinelle.fr\/blog\/wp-json\/wp\/v2\/posts\/3387\/revisions\/3732"}],"wp:attachment":[{"href":"https:\/\/yeux-coccinelle.fr\/blog\/wp-json\/wp\/v2\/media?parent=3387"}],"wp:term":[{"taxonomy":"category","embeddable":true,"href":"https:\/\/yeux-coccinelle.fr\/blog\/wp-json\/wp\/v2\/categories?post=3387"},{"taxonomy":"post_tag","embeddable":true,"href":"https:\/\/yeux-coccinelle.fr\/blog\/wp-json\/wp\/v2\/tags?post=3387"}],"curies":[{"name":"wp","href":"https:\/\/api.w.org\/{rel}","templated":true}]}}