{"id":1742,"date":"2017-12-04T09:30:39","date_gmt":"2017-12-04T08:30:39","guid":{"rendered":"http:\/\/yeux-coccinelle.fr\/blog\/?p=1742"},"modified":"2022-07-14T19:04:54","modified_gmt":"2022-07-14T17:04:54","slug":"exposition-dave-mckean","status":"publish","type":"post","link":"https:\/\/yeux-coccinelle.fr\/blog\/exposition-dave-mckean\/","title":{"rendered":"Exposition Dave McKean"},"content":{"rendered":"<p style=\"text-align: justify;\"><span class=\"md-line md-end-block md-focus\"><span class=\"md-expand\">La<strong> galerie Gl\u00e9nat<\/strong>\u00a0pr\u00e9sentait du <strong>18 octobre au 7 novembre 2017<\/strong> une exposition des planches de la<strong> <a href=\"http:\/\/www.glenatbd.com\/bd\/black-dog-les-reves-de-paul-nash-9782344024027.htm\">BD Black Dog<\/a><\/strong>, par l&rsquo;artiste <strong>Dave McKean<\/strong>. Bien s\u00fbr j&rsquo;ai attendu le dernier jour pour m&rsquo;y faire tra\u00eener de force par Elouen. Vous vous souvenez, <a href=\"http:\/\/yeux-coccinelle.fr\/blog\/?p=1377\">l&rsquo;apprenti illustrateur<\/a> ? Et j&rsquo;y ai d\u00e9couvert des choses \u00e9tonnantes. Notamment de la photographie \ud83d\ude09<\/span><\/span><!--more--><\/p>\n<h2 class=\"md-end-block md-heading\" style=\"text-align: justify;\">Dave McKean<\/h2>\n<p style=\"text-align: justify;\"><span class=\"md-line md-end-block\">Dave McKean est \u00e0 la fois<strong> illustrateur, photographe, graphiste, dessinateur de comics, r\u00e9alisateur et musicien.<\/strong> Il est anglais. C&rsquo;est pas sa faute.<\/span><\/p>\n<p style=\"text-align: justify;\"><span class=\"md-line md-end-block\">En 1987 il collabore pour la premi\u00e8re fois avec <strong><span class=\"\"><a spellcheck=\"false\" href=\"http:\/\/www.neilgaiman.com\">Neil Gaiman<\/a><\/span> sur un roman graphique<\/strong>. Celui-ci concerne la <strong>r\u00e9surgence des souvenirs traumatiques<\/strong> des enfants: il s&rsquo;agit de <strong>Violent Cases<\/strong>. Le duo continuera \u00e0 travailler ensemble pour des contes illustr\u00e9s, des BD, la mini s\u00e9rie <strong>Black Orchid<\/strong> ou les couvertures de <strong>Sandman<\/strong> par exemple.\u00a0<\/span>McKean est aussi l&rsquo;illustrateur de <strong>Arkham Asylum<\/strong> (\u2665), comics situ\u00e9 dans l&rsquo;<strong>univers de Batman<\/strong>, et sc\u00e9naris\u00e9e par Grant Morrison. Il s&rsquo;agit de l&rsquo;une des premi\u00e8res bande dessin\u00e9e \u00e0 utiliser des <strong>techniques mixtes<\/strong>. Peinture, photographies et collages s&rsquo;y retrouvent entrem\u00eal\u00e9es. Et punaise c&rsquo;est beau !<\/p>\n<p style=\"text-align: justify;\"><span class=\"md-line md-end-block\">Enfin, il est aussi le cr\u00e9ateur (graphique et sc\u00e9naristique) de plusieurs bandes dessin\u00e9es. Comme notamment <strong>Black Dog ou Cages<\/strong>, pour laquelle il a eu plusieurs prix.\u00a0<\/span><span class=\"md-line md-end-block md-focus\"><span class=\"md-expand\">Vous trouverez une biographie tr\u00e8s (tr\u00e8s) compl\u00e8te sur <\/span><span class=\"\"><a spellcheck=\"false\" href=\"http:\/\/www.davemckean.com\/personal\/biography\/\">le site de Dave McKean<\/a><\/span>.<\/span><\/p>\n<p><img loading=\"lazy\" decoding=\"async\" class=\"aligncenter wp-image-1772 size-large\" src=\"http:\/\/yeux-coccinelle.fr\/blog\/wp-content\/uploads\/2017\/11\/20171107_McKean_Black_Dog_Glenat.06-1024x768.jpg\" alt=\"\" width=\"665\" height=\"499\" srcset=\"https:\/\/yeux-coccinelle.fr\/blog\/wp-content\/uploads\/2017\/11\/20171107_McKean_Black_Dog_Glenat.06-1024x768.jpg 1024w, https:\/\/yeux-coccinelle.fr\/blog\/wp-content\/uploads\/2017\/11\/20171107_McKean_Black_Dog_Glenat.06-300x225.jpg 300w, https:\/\/yeux-coccinelle.fr\/blog\/wp-content\/uploads\/2017\/11\/20171107_McKean_Black_Dog_Glenat.06-768x576.jpg 768w\" sizes=\"(max-width: 665px) 100vw, 665px\" \/><\/p>\n<h2 class=\"md-end-block md-heading\" style=\"text-align: justify;\">L&rsquo;exposition chez Gl\u00e9nat<\/h2>\n<h3 class=\"md-end-block md-heading\" style=\"text-align: justify;\">Black Dog: les r\u00eaves de Paul Nash<\/h3>\n<p style=\"text-align: justify;\"><span class=\"md-line md-end-block\">Black dog est une bande dessin\u00e9e. Oui mais non, en fait c&rsquo;est beaucoup plus que ca. \u0152uvre de commande pour <strong>le programme 14-18 Now<\/strong>, i<\/span><span class=\"md-line md-end-block\">l s&rsquo; agit de la<strong> biographie fantasm\u00e9e de Paul Nash<\/strong>, peintre britannique surr\u00e9aliste ayant surv\u00e9cu aux <strong>tranch\u00e9es de la premi\u00e8re guerre mondiale<\/strong>. Son \u0153uvre est particuli\u00e8rement empreinte de cette horreur.\u00a0<\/span><span class=\"md-line md-end-block\">Dans Black Dog, McKean nous plonge dans <strong>les r\u00eaves du peintre<\/strong>, hant\u00e9 par l&rsquo;image d&rsquo;un chien noir. <\/span><\/p>\n<p style=\"text-align: justify;\"><span class=\"md-line md-end-block\">La BD \u00e9tait construite \u00e0 la base comme <strong>projet multim\u00e9dia pour les comm\u00e9morations<\/strong> de la premi\u00e8re guerre mondiale. L&rsquo;auteur insiste sur les effets psychologiques de la guerre. Le 15 Juillet 2016 Davec McKean r\u00e9alise une<strong> <a href=\"https:\/\/www.youtube.com\/watch?v=xjWFn4DA4_o\">interview-conf\u00e9rence<\/a><\/strong> sur son projet pour <a href=\"https:\/\/www.1418now.org.uk\">14-18 Now<\/a>. Vous trouverez ci-dessous un <strong>extrait de spectacle<\/strong> sur Black Dog.<\/span><\/p>\n<p style=\"text-align: justify;\"><iframe loading=\"lazy\" src=\"https:\/\/www.youtube-nocookie.com\/embed\/J9m3_yhjDk8?rel=0\" width=\"560\" height=\"315\" frameborder=\"0\" allowfullscreen=\"allowfullscreen\"><\/iframe><\/p>\n<p style=\"text-align: justify;\"><em><span class=\"md-line md-end-block\">Mise en sc\u00e8ne musicale pour Black Dog: les r\u00eaves de Paul Nash.<\/span><\/em><\/p>\n<p style=\"text-align: justify;\">Je ne l&rsquo;ai pas (encore) lu, je ne pourrais donc pas vous en parler plus en d\u00e9tail. En revanche j&rsquo;ai vu les planches \u00e0 <a href=\"http:\/\/www.galerie-glenat.com\">la galerie Gl\u00e9nat<\/a>, et \u00e7a envoi du p\u00e2t\u00e9 !<\/p>\n<h3 style=\"text-align: justify;\">L&rsquo;utilisation de la photographie<\/h3>\n<h4 class=\"md-end-block md-heading md-focus\" style=\"text-align: justify;\"><span class=\"md-expand\">Mise en page<\/span><\/h4>\n<p style=\"text-align: justify;\"><span class=\"md-line md-end-block\">Sur les planches de Black Dog, il se passe presque toujours plusieurs chose \u00e0 la fois. Comme <strong>deux niveaux de lectures<\/strong>, pour <strong>symboliser deux univers<\/strong> diff\u00e9rents, le r\u00eave (l&rsquo;illusion) et la r\u00e9alit\u00e9. <\/span><\/p>\n<p style=\"text-align: justify;\"><span class=\"md-line md-end-block\"><span class=\"\">Les trois planches suivantes sont particuli\u00e8rement int\u00e9ressantes. On y trouve d&rsquo;une part les cases dispos\u00e9es dans un carr\u00e9 au centre de la planche. Et d&rsquo;autre part, deux bandes, au dessus et en dessous de la mosa\u00efque.<\/span><\/span><\/p>\n<div class=\"entry-gallery fullsize-gallery\">\n<div class=\"gallery gallery-size-full\">\n<ul class=\"slides list-reset\">\n<figure class=\"gallery-item\">\n<a href=\"https:\/\/yeux-coccinelle.fr\/blog\/wp-content\/uploads\/2017\/11\/20171107_McKean_Black_Dog_Glenat.01.jpg\" class=\"thickbox\" data-content=\"\" rel=\"1742post-gallery\" title=\"20171107_McKean_Black_Dog_Glenat.01\"><img loading=\"lazy\" decoding=\"async\" src=\"https:\/\/yeux-coccinelle.fr\/blog\/wp-content\/uploads\/2017\/11\/20171107_McKean_Black_Dog_Glenat.01.jpg\" width=\"1536\" height=\"2048\" alt=\"gallery image\"  \/>\n<\/a><\/figure>\n<figure class=\"gallery-item\">\n<a href=\"https:\/\/yeux-coccinelle.fr\/blog\/wp-content\/uploads\/2017\/11\/20171107_McKean_Black_Dog_Glenat.02.jpg\" class=\"thickbox\" data-content=\"\" rel=\"1742post-gallery\" title=\"20171107_McKean_Black_Dog_Glenat.02\"><img loading=\"lazy\" decoding=\"async\" src=\"https:\/\/yeux-coccinelle.fr\/blog\/wp-content\/uploads\/2017\/11\/20171107_McKean_Black_Dog_Glenat.02.jpg\" width=\"1536\" height=\"2048\" alt=\"gallery image\"  \/>\n<\/a><\/figure>\n<figure class=\"gallery-item\">\n<a href=\"https:\/\/yeux-coccinelle.fr\/blog\/wp-content\/uploads\/2017\/11\/20171107_McKean_Black_Dog_Glenat.03.jpg\" class=\"thickbox\" data-content=\"\" rel=\"1742post-gallery\" title=\"20171107_McKean_Black_Dog_Glenat.03\"><img loading=\"lazy\" decoding=\"async\" src=\"https:\/\/yeux-coccinelle.fr\/blog\/wp-content\/uploads\/2017\/11\/20171107_McKean_Black_Dog_Glenat.03.jpg\" width=\"1536\" height=\"2048\" alt=\"gallery image\"  \/>\n<\/a><\/figure>\n<\/ul>\n<\/div>\n<\/div>\n\n<p style=\"text-align: justify;\">On retrouve le m\u00eame type de composition sur les planches ci dessous, sous une autre forme. Cette fois ci la mise en page est verticale, avec des cases dessin\u00e9es \u00ab\u00a0classiques\u00a0\u00bb sur la gauche, et en diptyque des cases \u00ab\u00a0abstraites\u00a0\u00bb sur la droite. La technique graphique utilis\u00e9e n&rsquo;est pas la m\u00eame. D&rsquo;un c\u00f4t\u00e9, la r\u00e9alit\u00e9 des tranch\u00e9es au crayon en noir et blanc. De l&rsquo;autre, de la peinture, en couleurs, un peu comme un Rorschach.<\/p>\n<p style=\"text-align: justify;\"><img loading=\"lazy\" decoding=\"async\" class=\"aligncenter wp-image-1761 size-large\" src=\"http:\/\/yeux-coccinelle.fr\/blog\/wp-content\/uploads\/2017\/11\/20171107_McKean_Black_Dog_Glenat.04-1024x768.jpg\" alt=\"\" width=\"1024\" height=\"768\" srcset=\"https:\/\/yeux-coccinelle.fr\/blog\/wp-content\/uploads\/2017\/11\/20171107_McKean_Black_Dog_Glenat.04-1024x768.jpg 1024w, https:\/\/yeux-coccinelle.fr\/blog\/wp-content\/uploads\/2017\/11\/20171107_McKean_Black_Dog_Glenat.04-300x225.jpg 300w, https:\/\/yeux-coccinelle.fr\/blog\/wp-content\/uploads\/2017\/11\/20171107_McKean_Black_Dog_Glenat.04-768x576.jpg 768w, https:\/\/yeux-coccinelle.fr\/blog\/wp-content\/uploads\/2017\/11\/20171107_McKean_Black_Dog_Glenat.04.jpg 2048w\" sizes=\"(max-width: 1024px) 100vw, 1024px\" \/><\/p>\n<h4 class=\"md-end-block md-heading md-focus\" style=\"text-align: justify;\"><span class=\"md-expand\">M\u00e9lange de mati\u00e8res<\/span><\/h4>\n<p style=\"text-align: justify;\"><span class=\"md-line md-end-block\"><span class=\"\">En parlant de technique, Dave Mckean les m\u00e9lange r\u00e9guli\u00e8rement. On retrouve d&rsquo;ailleurs sur plusieurs de ses planches<strong> des morceaux de photographies\u00a0<\/strong>voir des images compl\u00e8tes, ou des polaroids. Des plantes et des cailloux, le bois d&rsquo;un arbre mort, un escalier et sa rambarde, etc&#8230;<\/span><\/span><\/p>\n<div class=\"entry-gallery fullsize-gallery\">\n<div class=\"gallery gallery-size-full\">\n<ul class=\"slides list-reset\">\n<figure class=\"gallery-item\">\n<a href=\"https:\/\/yeux-coccinelle.fr\/blog\/wp-content\/uploads\/2017\/11\/20171107_McKean_Black_Dog_Glenat.11.jpg\" class=\"thickbox\" data-content=\"\" rel=\"1742post-gallery\" title=\"20171107_McKean_Black_Dog_Glenat.11\"><img loading=\"lazy\" decoding=\"async\" src=\"https:\/\/yeux-coccinelle.fr\/blog\/wp-content\/uploads\/2017\/11\/20171107_McKean_Black_Dog_Glenat.11.jpg\" width=\"666\" height=\"887\" alt=\"gallery image\"  \/>\n<\/a><\/figure>\n<figure class=\"gallery-item\">\n<a href=\"https:\/\/yeux-coccinelle.fr\/blog\/wp-content\/uploads\/2017\/11\/20171107_McKean_Black_Dog_Glenat.12.jpg\" class=\"thickbox\" data-content=\"\" rel=\"1742post-gallery\" title=\"20171107_McKean_Black_Dog_Glenat.12\"><img loading=\"lazy\" decoding=\"async\" src=\"https:\/\/yeux-coccinelle.fr\/blog\/wp-content\/uploads\/2017\/11\/20171107_McKean_Black_Dog_Glenat.12.jpg\" width=\"281\" height=\"374\" alt=\"gallery image\"  \/>\n<\/a><\/figure>\n<figure class=\"gallery-item\">\n<a href=\"https:\/\/yeux-coccinelle.fr\/blog\/wp-content\/uploads\/2017\/11\/20171107_McKean_Black_Dog_Glenat.09.jpg\" class=\"thickbox\" data-content=\"\" rel=\"1742post-gallery\" title=\"20171107_McKean_Black_Dog_Glenat.09\"><img loading=\"lazy\" decoding=\"async\" src=\"https:\/\/yeux-coccinelle.fr\/blog\/wp-content\/uploads\/2017\/11\/20171107_McKean_Black_Dog_Glenat.09.jpg\" width=\"1685\" height=\"2246\" alt=\"gallery image\"  \/>\n<\/a><\/figure>\n<figure class=\"gallery-item\">\n<a href=\"https:\/\/yeux-coccinelle.fr\/blog\/wp-content\/uploads\/2017\/11\/20171107_McKean_Black_Dog_Glenat.10.jpg\" class=\"thickbox\" data-content=\"\" rel=\"1742post-gallery\" title=\"20171107_McKean_Black_Dog_Glenat.10\"><img loading=\"lazy\" decoding=\"async\" src=\"https:\/\/yeux-coccinelle.fr\/blog\/wp-content\/uploads\/2017\/11\/20171107_McKean_Black_Dog_Glenat.10.jpg\" width=\"2448\" height=\"3264\" alt=\"gallery image\"  \/>\n<\/a><\/figure>\n<\/ul>\n<\/div>\n<\/div>\n\n<p style=\"text-align: justify;\"><span class=\"md-line md-end-block\"><span class=\"\">Il utilise aussi beaucoup le collage. Avec <strong>des mati\u00e8res bien diff\u00e9rentes<\/strong>: de la feuille dor\u00e9e, du Canson mat color\u00e9 ou \u00e0 motif. Parfois le collage est plus subtile et permet de donner de la profondeur au support: le Canson est recouvert de papier d\u00e9coup\u00e9, arrach\u00e9 et recoll\u00e9. La peinture est r\u00e9alis\u00e9e par dessus, ne laissant visible que les contours.<\/span><\/span><\/p>\n<div class=\"entry-gallery fullsize-gallery\">\n<div class=\"gallery gallery-size-full\">\n<ul class=\"slides list-reset\">\n<figure class=\"gallery-item\">\n<a href=\"https:\/\/yeux-coccinelle.fr\/blog\/wp-content\/uploads\/2017\/12\/20171107_McKean_Black_Dog_Glenat.08.jpg\" class=\"thickbox\" data-content=\"\" rel=\"1742post-gallery\" title=\"20171107_McKean_Black_Dog_Glenat.08\"><img loading=\"lazy\" decoding=\"async\" src=\"https:\/\/yeux-coccinelle.fr\/blog\/wp-content\/uploads\/2017\/12\/20171107_McKean_Black_Dog_Glenat.08.jpg\" width=\"2268\" height=\"3024\" alt=\"gallery image\"  \/>\n<\/a><\/figure>\n<figure class=\"gallery-item\">\n<a href=\"https:\/\/yeux-coccinelle.fr\/blog\/wp-content\/uploads\/2017\/12\/20171107_McKean_Black_Dog_Glenat.07.jpg\" class=\"thickbox\" data-content=\"\" rel=\"1742post-gallery\" title=\"20171107_McKean_Black_Dog_Glenat.07\"><img loading=\"lazy\" decoding=\"async\" src=\"https:\/\/yeux-coccinelle.fr\/blog\/wp-content\/uploads\/2017\/12\/20171107_McKean_Black_Dog_Glenat.07.jpg\" width=\"2448\" height=\"3264\" alt=\"gallery image\"  \/>\n<\/a><\/figure>\n<\/ul>\n<\/div>\n<\/div>\n\n<h2 style=\"text-align: justify;\">Conclusion<\/h2>\n<p style=\"text-align: justify;\"><span class=\"md-line md-end-block md-focus\"><span class=\"md-expand\">Dans une m\u00eame exposition (et m\u00eame \u0153uvre), l&rsquo;artiste propose des images aux <strong>techniques tr\u00e8s diff\u00e9rentes<\/strong>, \u00e0 l&rsquo;<strong>ambiance d&rsquo;apparence tr\u00e8s vari\u00e9e<\/strong> et pourtant le style et le cr\u00e9ateur restent les m\u00eames, et sont reconnaissables.<\/span><\/span><\/p>\n<p style=\"text-align: justify;\"><span class=\"md-line md-end-block\">Cette exposition m&rsquo;a fait me poser deux questions particuli\u00e8res: celle du style et celle du mix de techniques. Sans parler de la pr\u00e9sentation et de la mise en page.<\/span><\/p>\n<p style=\"text-align: justify;\"><span class=\"md-line md-end-block\"><span class=\"\">La <strong>notion de style est je trouve particuli\u00e8rement compliqu\u00e9e \u00e0 comprendre<\/strong> et \u00e0 trouver.\u00a0<\/span><\/span><span class=\"md-line md-end-block\"><span class=\"\">Je ne pense pas qu&rsquo;il faille (trop) y penser et chercher \u00e0 tout prix \u00e0 avoir un style. Selon moi,<strong> le style,<\/strong> notamment photographique, tient \u00e0 notre personnalit\u00e9, et il <strong>est d\u00e9j\u00e0 l\u00e0, au fond de nous. <\/strong>C&rsquo;est pourquoi pour certains, cela parait inn\u00e9. C&rsquo;est peut-\u00eatre \u00ab\u00a0juste\u00a0\u00bb parce qu&rsquo;ils se connaissent eux m\u00eame ?<\/span><\/span><\/p>\n<p style=\"text-align: justify;\"><span class=\"md-line md-end-block md-focus\"><span class=\"md-expand\">En revanche, <strong>avoir un questionnement sur sa pratique et son univers visuel<\/strong> peut passer par diff\u00e9rents \u00e9l\u00e9ments. Et tout particuli\u00e8rement par <strong>une culture et une curiosit\u00e9 visuelle<\/strong> (artistique) sans cesse travaill\u00e9e. D&rsquo;o\u00f9 l&rsquo;importance de sortir et de <strong>voir autre chose que de la photographie<\/strong>, d&rsquo;ouvrir son \u0153il et son esprit critique. <strong>Agrandir son horizon cr\u00e9atif<\/strong> en allant voir des choses m\u00eame si dans notre pratique artistique on ne l&rsquo;appliquerais pas. Et <strong>savoir pourquoi ca marche<\/strong> pour d&rsquo;autres mais pas pour nous (et inversement). En bref, essayer de <strong>sortir de sa zone de confort<\/strong>.<\/span><\/span><\/p>\n<p style=\"text-align: justify;\"><span class=\"md-line md-end-block\"><span class=\"\">Parce que la culture visuelle est le seul et unique moyen de <strong>vraiment s&rsquo;am\u00e9liorer en photographie<\/strong>. Et parce que jamais notre culture ne sera \u00ab\u00a0finie\u00a0\u00bb.<\/span><\/span><\/p>\n<hr \/>\n<p style=\"text-align: justify;\">Et pour me forcer \u00e0 travailler ma culture photo, j&rsquo;utilise <a href=\"https:\/\/www.pinterest.fr\/parlesyeuxdelacoccinelle\/boards\/\">Pinterest<\/a> (parce que le cahier r\u00e9pertoire c&rsquo;est bien mais pas tr\u00e8s visuel). Je vous invite \u00e0 faire un petit tour, et si quelqu&rsquo;un veut se joindre \u00e0 moi, je me ferais un plaisir de l&rsquo;ajouter en collaborateur sur les tableaux de son choix ! \ud83d\ude09<\/p>\n<p>&nbsp;<\/p>\n","protected":false},"excerpt":{"rendered":"<p>La galerie Gl\u00e9nat\u00a0pr\u00e9sentait du 18 octobre au 7 novembre 2017 une exposition des planches de la BD Black Dog, par l&rsquo;artiste Dave McKean. Bien s\u00fbr j&rsquo;ai attendu le dernier jour pour m&rsquo;y faire tra\u00eener de force par Elouen. Vous vous souvenez, l&rsquo;apprenti illustrateur ? Et j&rsquo;y ai d\u00e9couvert des choses \u00e9tonnantes. Notamment de la photographie [&hellip;]<\/p>\n<a class=\"read-more-link\" href=\" https:\/\/yeux-coccinelle.fr\/blog\/exposition-dave-mckean\/ \">Lire la suite<\/a>","protected":false},"author":1,"featured_media":1945,"comment_status":"open","ping_status":"open","sticky":false,"template":"","format":"standard","meta":{"footnotes":""},"categories":[26],"tags":[36],"yoast_head":"<!-- This site is optimized with the Yoast SEO plugin v23.4 - https:\/\/yoast.com\/wordpress\/plugins\/seo\/ -->\n<title>Exposition Dave McKean - Par les yeux de la coccinelle<\/title>\n<meta name=\"robots\" content=\"index, follow, max-snippet:-1, max-image-preview:large, max-video-preview:-1\" \/>\n<link rel=\"canonical\" href=\"https:\/\/yeux-coccinelle.fr\/blog\/exposition-dave-mckean\/\" \/>\n<meta property=\"og:locale\" content=\"fr_FR\" \/>\n<meta property=\"og:type\" content=\"article\" \/>\n<meta property=\"og:title\" content=\"Exposition Dave McKean - Par les yeux de la coccinelle\" \/>\n<meta property=\"og:description\" content=\"La galerie Gl\u00e9nat\u00a0pr\u00e9sentait du 18 octobre au 7 novembre 2017 une exposition des planches de la BD Black Dog, par l&rsquo;artiste Dave McKean. Bien s\u00fbr j&rsquo;ai attendu le dernier jour pour m&rsquo;y faire tra\u00eener de force par Elouen. Vous vous souvenez, l&rsquo;apprenti illustrateur ? Et j&rsquo;y ai d\u00e9couvert des choses \u00e9tonnantes. Notamment de la photographie [&hellip;]\" \/>\n<meta property=\"og:url\" content=\"https:\/\/yeux-coccinelle.fr\/blog\/exposition-dave-mckean\/\" \/>\n<meta property=\"og:site_name\" content=\"Par les yeux de la coccinelle\" \/>\n<meta property=\"article:published_time\" content=\"2017-12-04T08:30:39+00:00\" \/>\n<meta property=\"article:modified_time\" content=\"2022-07-14T17:04:54+00:00\" \/>\n<meta property=\"og:image\" content=\"https:\/\/yeux-coccinelle.fr\/blog\/wp-content\/uploads\/2017\/12\/affiche-glenar-mckean-2017.jpg\" \/>\n\t<meta property=\"og:image:width\" content=\"565\" \/>\n\t<meta property=\"og:image:height\" content=\"800\" \/>\n\t<meta property=\"og:image:type\" content=\"image\/jpeg\" \/>\n<meta name=\"author\" content=\"Laur\u00e9line Reynaud\" \/>\n<meta name=\"twitter:card\" content=\"summary_large_image\" \/>\n<meta name=\"twitter:label1\" content=\"\u00c9crit par\" \/>\n\t<meta name=\"twitter:data1\" content=\"Laur\u00e9line Reynaud\" \/>\n\t<meta name=\"twitter:label2\" content=\"Dur\u00e9e de lecture estim\u00e9e\" \/>\n\t<meta name=\"twitter:data2\" content=\"5 minutes\" \/>\n<script type=\"application\/ld+json\" class=\"yoast-schema-graph\">{\"@context\":\"https:\/\/schema.org\",\"@graph\":[{\"@type\":\"Article\",\"@id\":\"https:\/\/yeux-coccinelle.fr\/blog\/exposition-dave-mckean\/#article\",\"isPartOf\":{\"@id\":\"https:\/\/yeux-coccinelle.fr\/blog\/exposition-dave-mckean\/\"},\"author\":{\"name\":\"Laur\u00e9line Reynaud\",\"@id\":\"https:\/\/yeux-coccinelle.fr\/blog\/#\/schema\/person\/a23d16b5d4e9f0e58474cb6e45973473\"},\"headline\":\"Exposition Dave McKean\",\"datePublished\":\"2017-12-04T08:30:39+00:00\",\"dateModified\":\"2022-07-14T17:04:54+00:00\",\"mainEntityOfPage\":{\"@id\":\"https:\/\/yeux-coccinelle.fr\/blog\/exposition-dave-mckean\/\"},\"wordCount\":1088,\"commentCount\":1,\"publisher\":{\"@id\":\"https:\/\/yeux-coccinelle.fr\/blog\/#\/schema\/person\/a23d16b5d4e9f0e58474cb6e45973473\"},\"image\":{\"@id\":\"https:\/\/yeux-coccinelle.fr\/blog\/exposition-dave-mckean\/#primaryimage\"},\"thumbnailUrl\":\"https:\/\/yeux-coccinelle.fr\/blog\/wp-content\/uploads\/2017\/12\/affiche-glenar-mckean-2017.jpg\",\"keywords\":[\"\ud83d\uddbc expositions\"],\"articleSection\":[\"Culture photo et inspirations\"],\"inLanguage\":\"fr-FR\",\"potentialAction\":[{\"@type\":\"CommentAction\",\"name\":\"Comment\",\"target\":[\"https:\/\/yeux-coccinelle.fr\/blog\/exposition-dave-mckean\/#respond\"]}]},{\"@type\":\"WebPage\",\"@id\":\"https:\/\/yeux-coccinelle.fr\/blog\/exposition-dave-mckean\/\",\"url\":\"https:\/\/yeux-coccinelle.fr\/blog\/exposition-dave-mckean\/\",\"name\":\"Exposition Dave McKean - Par les yeux de la coccinelle\",\"isPartOf\":{\"@id\":\"https:\/\/yeux-coccinelle.fr\/blog\/#website\"},\"primaryImageOfPage\":{\"@id\":\"https:\/\/yeux-coccinelle.fr\/blog\/exposition-dave-mckean\/#primaryimage\"},\"image\":{\"@id\":\"https:\/\/yeux-coccinelle.fr\/blog\/exposition-dave-mckean\/#primaryimage\"},\"thumbnailUrl\":\"https:\/\/yeux-coccinelle.fr\/blog\/wp-content\/uploads\/2017\/12\/affiche-glenar-mckean-2017.jpg\",\"datePublished\":\"2017-12-04T08:30:39+00:00\",\"dateModified\":\"2022-07-14T17:04:54+00:00\",\"breadcrumb\":{\"@id\":\"https:\/\/yeux-coccinelle.fr\/blog\/exposition-dave-mckean\/#breadcrumb\"},\"inLanguage\":\"fr-FR\",\"potentialAction\":[{\"@type\":\"ReadAction\",\"target\":[\"https:\/\/yeux-coccinelle.fr\/blog\/exposition-dave-mckean\/\"]}]},{\"@type\":\"ImageObject\",\"inLanguage\":\"fr-FR\",\"@id\":\"https:\/\/yeux-coccinelle.fr\/blog\/exposition-dave-mckean\/#primaryimage\",\"url\":\"https:\/\/yeux-coccinelle.fr\/blog\/wp-content\/uploads\/2017\/12\/affiche-glenar-mckean-2017.jpg\",\"contentUrl\":\"https:\/\/yeux-coccinelle.fr\/blog\/wp-content\/uploads\/2017\/12\/affiche-glenar-mckean-2017.jpg\",\"width\":565,\"height\":800},{\"@type\":\"BreadcrumbList\",\"@id\":\"https:\/\/yeux-coccinelle.fr\/blog\/exposition-dave-mckean\/#breadcrumb\",\"itemListElement\":[{\"@type\":\"ListItem\",\"position\":1,\"name\":\"Accueil\",\"item\":\"https:\/\/yeux-coccinelle.fr\/blog\/\"},{\"@type\":\"ListItem\",\"position\":2,\"name\":\"Exposition Dave McKean\"}]},{\"@type\":\"WebSite\",\"@id\":\"https:\/\/yeux-coccinelle.fr\/blog\/#website\",\"url\":\"https:\/\/yeux-coccinelle.fr\/blog\/\",\"name\":\"Par les yeux de la coccinelle\",\"description\":\"partage d&#039;exp\u00e9rience et qu\u00eate d&#039;images\",\"publisher\":{\"@id\":\"https:\/\/yeux-coccinelle.fr\/blog\/#\/schema\/person\/a23d16b5d4e9f0e58474cb6e45973473\"},\"potentialAction\":[{\"@type\":\"SearchAction\",\"target\":{\"@type\":\"EntryPoint\",\"urlTemplate\":\"https:\/\/yeux-coccinelle.fr\/blog\/?s={search_term_string}\"},\"query-input\":{\"@type\":\"PropertyValueSpecification\",\"valueRequired\":true,\"valueName\":\"search_term_string\"}}],\"inLanguage\":\"fr-FR\"},{\"@type\":[\"Person\",\"Organization\"],\"@id\":\"https:\/\/yeux-coccinelle.fr\/blog\/#\/schema\/person\/a23d16b5d4e9f0e58474cb6e45973473\",\"name\":\"Laur\u00e9line Reynaud\",\"image\":{\"@type\":\"ImageObject\",\"inLanguage\":\"fr-FR\",\"@id\":\"https:\/\/yeux-coccinelle.fr\/blog\/#\/schema\/person\/image\/\",\"url\":\"https:\/\/yeux-coccinelle.fr\/blog\/wp-content\/uploads\/2021\/08\/vlcsnap-2021-08-10-11h28m42s985.png\",\"contentUrl\":\"https:\/\/yeux-coccinelle.fr\/blog\/wp-content\/uploads\/2021\/08\/vlcsnap-2021-08-10-11h28m42s985.png\",\"width\":1920,\"height\":1080,\"caption\":\"Laur\u00e9line Reynaud\"},\"logo\":{\"@id\":\"https:\/\/yeux-coccinelle.fr\/blog\/#\/schema\/person\/image\/\"},\"description\":\"Photographe beaut\u00e9 dipl\u00f4m\u00e9e de l'une des plus grande \u00e9coles de photographie Parisienne (Gobelins, l'\u00e9cole de l'image), je consid\u00e8re mon blog et mes r\u00e9seaux comme un journal. J'y relate mes 5 ann\u00e9es d'\u00e9tudes et ma professionnalisation : retours d'exp\u00e9riences, conseils et astuces de prise de vue ou de retouche, curation de contenu et inspirations, discussions Business, etc.\",\"sameAs\":[\"http:\/\/yeux-coccinelle.fr\",\"https:\/\/www.instagram.com\/yeux.coccinelle_blog\",\"https:\/\/www.pinterest.fr\/parlesyeuxdelacoccinelle\"],\"url\":\"https:\/\/yeux-coccinelle.fr\/blog\/author\/enilerual\/\"}]}<\/script>\n<!-- \/ Yoast SEO plugin. -->","yoast_head_json":{"title":"Exposition Dave McKean - Par les yeux de la coccinelle","robots":{"index":"index","follow":"follow","max-snippet":"max-snippet:-1","max-image-preview":"max-image-preview:large","max-video-preview":"max-video-preview:-1"},"canonical":"https:\/\/yeux-coccinelle.fr\/blog\/exposition-dave-mckean\/","og_locale":"fr_FR","og_type":"article","og_title":"Exposition Dave McKean - Par les yeux de la coccinelle","og_description":"La galerie Gl\u00e9nat\u00a0pr\u00e9sentait du 18 octobre au 7 novembre 2017 une exposition des planches de la BD Black Dog, par l&rsquo;artiste Dave McKean. Bien s\u00fbr j&rsquo;ai attendu le dernier jour pour m&rsquo;y faire tra\u00eener de force par Elouen. Vous vous souvenez, l&rsquo;apprenti illustrateur ? Et j&rsquo;y ai d\u00e9couvert des choses \u00e9tonnantes. Notamment de la photographie [&hellip;]","og_url":"https:\/\/yeux-coccinelle.fr\/blog\/exposition-dave-mckean\/","og_site_name":"Par les yeux de la coccinelle","article_published_time":"2017-12-04T08:30:39+00:00","article_modified_time":"2022-07-14T17:04:54+00:00","og_image":[{"width":565,"height":800,"url":"https:\/\/yeux-coccinelle.fr\/blog\/wp-content\/uploads\/2017\/12\/affiche-glenar-mckean-2017.jpg","type":"image\/jpeg"}],"author":"Laur\u00e9line Reynaud","twitter_card":"summary_large_image","twitter_misc":{"\u00c9crit par":"Laur\u00e9line Reynaud","Dur\u00e9e de lecture estim\u00e9e":"5 minutes"},"schema":{"@context":"https:\/\/schema.org","@graph":[{"@type":"Article","@id":"https:\/\/yeux-coccinelle.fr\/blog\/exposition-dave-mckean\/#article","isPartOf":{"@id":"https:\/\/yeux-coccinelle.fr\/blog\/exposition-dave-mckean\/"},"author":{"name":"Laur\u00e9line Reynaud","@id":"https:\/\/yeux-coccinelle.fr\/blog\/#\/schema\/person\/a23d16b5d4e9f0e58474cb6e45973473"},"headline":"Exposition Dave McKean","datePublished":"2017-12-04T08:30:39+00:00","dateModified":"2022-07-14T17:04:54+00:00","mainEntityOfPage":{"@id":"https:\/\/yeux-coccinelle.fr\/blog\/exposition-dave-mckean\/"},"wordCount":1088,"commentCount":1,"publisher":{"@id":"https:\/\/yeux-coccinelle.fr\/blog\/#\/schema\/person\/a23d16b5d4e9f0e58474cb6e45973473"},"image":{"@id":"https:\/\/yeux-coccinelle.fr\/blog\/exposition-dave-mckean\/#primaryimage"},"thumbnailUrl":"https:\/\/yeux-coccinelle.fr\/blog\/wp-content\/uploads\/2017\/12\/affiche-glenar-mckean-2017.jpg","keywords":["\ud83d\uddbc expositions"],"articleSection":["Culture photo et inspirations"],"inLanguage":"fr-FR","potentialAction":[{"@type":"CommentAction","name":"Comment","target":["https:\/\/yeux-coccinelle.fr\/blog\/exposition-dave-mckean\/#respond"]}]},{"@type":"WebPage","@id":"https:\/\/yeux-coccinelle.fr\/blog\/exposition-dave-mckean\/","url":"https:\/\/yeux-coccinelle.fr\/blog\/exposition-dave-mckean\/","name":"Exposition Dave McKean - Par les yeux de la coccinelle","isPartOf":{"@id":"https:\/\/yeux-coccinelle.fr\/blog\/#website"},"primaryImageOfPage":{"@id":"https:\/\/yeux-coccinelle.fr\/blog\/exposition-dave-mckean\/#primaryimage"},"image":{"@id":"https:\/\/yeux-coccinelle.fr\/blog\/exposition-dave-mckean\/#primaryimage"},"thumbnailUrl":"https:\/\/yeux-coccinelle.fr\/blog\/wp-content\/uploads\/2017\/12\/affiche-glenar-mckean-2017.jpg","datePublished":"2017-12-04T08:30:39+00:00","dateModified":"2022-07-14T17:04:54+00:00","breadcrumb":{"@id":"https:\/\/yeux-coccinelle.fr\/blog\/exposition-dave-mckean\/#breadcrumb"},"inLanguage":"fr-FR","potentialAction":[{"@type":"ReadAction","target":["https:\/\/yeux-coccinelle.fr\/blog\/exposition-dave-mckean\/"]}]},{"@type":"ImageObject","inLanguage":"fr-FR","@id":"https:\/\/yeux-coccinelle.fr\/blog\/exposition-dave-mckean\/#primaryimage","url":"https:\/\/yeux-coccinelle.fr\/blog\/wp-content\/uploads\/2017\/12\/affiche-glenar-mckean-2017.jpg","contentUrl":"https:\/\/yeux-coccinelle.fr\/blog\/wp-content\/uploads\/2017\/12\/affiche-glenar-mckean-2017.jpg","width":565,"height":800},{"@type":"BreadcrumbList","@id":"https:\/\/yeux-coccinelle.fr\/blog\/exposition-dave-mckean\/#breadcrumb","itemListElement":[{"@type":"ListItem","position":1,"name":"Accueil","item":"https:\/\/yeux-coccinelle.fr\/blog\/"},{"@type":"ListItem","position":2,"name":"Exposition Dave McKean"}]},{"@type":"WebSite","@id":"https:\/\/yeux-coccinelle.fr\/blog\/#website","url":"https:\/\/yeux-coccinelle.fr\/blog\/","name":"Par les yeux de la coccinelle","description":"partage d&#039;exp\u00e9rience et qu\u00eate d&#039;images","publisher":{"@id":"https:\/\/yeux-coccinelle.fr\/blog\/#\/schema\/person\/a23d16b5d4e9f0e58474cb6e45973473"},"potentialAction":[{"@type":"SearchAction","target":{"@type":"EntryPoint","urlTemplate":"https:\/\/yeux-coccinelle.fr\/blog\/?s={search_term_string}"},"query-input":{"@type":"PropertyValueSpecification","valueRequired":true,"valueName":"search_term_string"}}],"inLanguage":"fr-FR"},{"@type":["Person","Organization"],"@id":"https:\/\/yeux-coccinelle.fr\/blog\/#\/schema\/person\/a23d16b5d4e9f0e58474cb6e45973473","name":"Laur\u00e9line Reynaud","image":{"@type":"ImageObject","inLanguage":"fr-FR","@id":"https:\/\/yeux-coccinelle.fr\/blog\/#\/schema\/person\/image\/","url":"https:\/\/yeux-coccinelle.fr\/blog\/wp-content\/uploads\/2021\/08\/vlcsnap-2021-08-10-11h28m42s985.png","contentUrl":"https:\/\/yeux-coccinelle.fr\/blog\/wp-content\/uploads\/2021\/08\/vlcsnap-2021-08-10-11h28m42s985.png","width":1920,"height":1080,"caption":"Laur\u00e9line Reynaud"},"logo":{"@id":"https:\/\/yeux-coccinelle.fr\/blog\/#\/schema\/person\/image\/"},"description":"Photographe beaut\u00e9 dipl\u00f4m\u00e9e de l'une des plus grande \u00e9coles de photographie Parisienne (Gobelins, l'\u00e9cole de l'image), je consid\u00e8re mon blog et mes r\u00e9seaux comme un journal. J'y relate mes 5 ann\u00e9es d'\u00e9tudes et ma professionnalisation : retours d'exp\u00e9riences, conseils et astuces de prise de vue ou de retouche, curation de contenu et inspirations, discussions Business, etc.","sameAs":["http:\/\/yeux-coccinelle.fr","https:\/\/www.instagram.com\/yeux.coccinelle_blog","https:\/\/www.pinterest.fr\/parlesyeuxdelacoccinelle"],"url":"https:\/\/yeux-coccinelle.fr\/blog\/author\/enilerual\/"}]}},"jetpack_sharing_enabled":true,"jetpack_featured_media_url":"https:\/\/yeux-coccinelle.fr\/blog\/wp-content\/uploads\/2017\/12\/affiche-glenar-mckean-2017.jpg","_links":{"self":[{"href":"https:\/\/yeux-coccinelle.fr\/blog\/wp-json\/wp\/v2\/posts\/1742"}],"collection":[{"href":"https:\/\/yeux-coccinelle.fr\/blog\/wp-json\/wp\/v2\/posts"}],"about":[{"href":"https:\/\/yeux-coccinelle.fr\/blog\/wp-json\/wp\/v2\/types\/post"}],"author":[{"embeddable":true,"href":"https:\/\/yeux-coccinelle.fr\/blog\/wp-json\/wp\/v2\/users\/1"}],"replies":[{"embeddable":true,"href":"https:\/\/yeux-coccinelle.fr\/blog\/wp-json\/wp\/v2\/comments?post=1742"}],"version-history":[{"count":6,"href":"https:\/\/yeux-coccinelle.fr\/blog\/wp-json\/wp\/v2\/posts\/1742\/revisions"}],"predecessor-version":[{"id":2040,"href":"https:\/\/yeux-coccinelle.fr\/blog\/wp-json\/wp\/v2\/posts\/1742\/revisions\/2040"}],"wp:featuredmedia":[{"embeddable":true,"href":"https:\/\/yeux-coccinelle.fr\/blog\/wp-json\/wp\/v2\/media\/1945"}],"wp:attachment":[{"href":"https:\/\/yeux-coccinelle.fr\/blog\/wp-json\/wp\/v2\/media?parent=1742"}],"wp:term":[{"taxonomy":"category","embeddable":true,"href":"https:\/\/yeux-coccinelle.fr\/blog\/wp-json\/wp\/v2\/categories?post=1742"},{"taxonomy":"post_tag","embeddable":true,"href":"https:\/\/yeux-coccinelle.fr\/blog\/wp-json\/wp\/v2\/tags?post=1742"}],"curies":[{"name":"wp","href":"https:\/\/api.w.org\/{rel}","templated":true}]}}